{"id":9169,"date":"2018-07-04T08:49:33","date_gmt":"2018-07-04T06:49:33","guid":{"rendered":"https:\/\/www.geoparcoalpicarniche.org\/?p=9169"},"modified":"2018-07-04T08:53:51","modified_gmt":"2018-07-04T06:53:51","slug":"13-e-14-luglio-2018-geoescursioni-rif-marinelli-e-m-coglians","status":"publish","type":"post","link":"https:\/\/www.geoparcoalpicarniche.org\/it\/2018\/07\/04\/13-e-14-luglio-2018-geoescursioni-rif-marinelli-e-m-coglians\/","title":{"rendered":"13 e 14 luglio 2018 &#8211; Geoescursioni rif. Marinelli e M. Coglians"},"content":{"rendered":"<p>Il Geoparco Transfrontaliero delle Alpi Carniche propone un viaggio nel tempo geologico sulla vetta pi\u00f9 alta del Friuli Venezia Giulia, il M.te Cogli\u00e0ns (2.780 m). Cammineremo infatti lungo i resti della pi\u00f9 importante scogliera organogena formatasi nel Devoniano (400 milioni di anni fa) oggi visibile in Europa; lungo il percorso sar\u00e0 inoltre possibile osservare da vicino l&#8217;azione modellatrice di antichi ghiacciai, nonch\u00e9 i fantasiosi segni che il fenomeno del carsismo esercita sulle rocce carbonatiche.<\/p>\n<p>Un&#8217;esperienza da gustare lentamente e che, proprio per questo, abbiamo pensato di suddividere in due giornate consecutive; potrete decidere se partecipare a entrambe o, se preferite, solamente a quella che vi interessa di pi\u00f9!<\/p>\n<p>Di seguito i dettagli del programma e, in allegato, mappe e scheda tecnica per entrambi gli itinerari.<\/p>\n<p>&nbsp;<\/p>\n<h3><strong><u>Programma<\/u><\/strong><\/h3>\n<p><strong>Venerd\u00ec 13 luglio &#8211; salita al rifugio O. Marinelli da Passo di M.te Croce Carnico<br \/>\n<\/strong>8.30: ritrovo al Centro Visite del Geoparco in loc. Laghetti di Timau (Paluzza) e trasferimento in auto fino a Passo di M.te Croce Carnico<br \/>\n14.00: arrivo al rifugio<br \/>\n18.00: per chi si ferma in rifugio geo chiacchierata con il geologo Antonio Cossutta sulle \u201cScogliere della Carnia\u201d . A seguire cena e serata libera<br \/>\n<u>Nota<\/u>: per chi volesse rientrare il venerd\u00ec dopo l\u2019escursione al Rifugio Marinelli dovr\u00e0 farlo in maniera autonoma senza l\u2019accompagnamento di una guida.<br \/>\nSe invece desiderate pernottare al Rifugio Marinelli, vi chiediamo gentilmente di comunicarcelo al momento della prenotazione delle escursioni.<\/p>\n<p><strong><u>Attenzione<\/u><\/strong>: svolgendosi l&#8217;evento in coincidenza della manifestazione <em>Arrampicarnia<\/em>, a Passo di M.te Croce Carnico i parcheggi disponibili saranno limitati. Alla partenza sar\u00e0 presente una navetta, mentre per coloro che desiderano essere indipendenti suggeriamo di unire gli equipaggi, al fine di ridurre il numero dei mezzi di trasporto.<\/p>\n<p><strong>Sabato 14 luglio &#8211; salita al M.te Cogli\u00e0ns e rientro a Passo di M.te Croce Carnico<br \/>\n<\/strong>8.30: partenza dal Rifugio Marinelli per il M.te Cogli\u00e0ns<br \/>\n15.00: ritorno al rifugio; breve sosta e partenza per il rientro al Passo<br \/>\n18.00 circa: arrivo al Passo<strong>\u00a0<\/strong><\/p>\n<p><strong>Attrezzatura richiesta:<br \/>\n<\/strong><u>Scarponi o scarpe da trekking robuste con suola scolpita<\/u>, <u>eventuali bastoni telescopici<\/u> (utili sulla salita lungo il pendii pi\u00f9 scoscesi e i ghiaioni), pranzo al sacco per la giornata di venerd\u00ec, abbigliamento di montagna da alta quota e <u>consigliato caschetto per l\u2019uscita al M.te Cogli\u00e0ns<\/u>.<\/p>\n<p><strong>Accompagnatori:<br \/>\n<\/strong>Venerd\u00ec 13 luglio: guida geologica e naturalistica<br \/>\nSabato 14 luglio: guida alpina e guida geologica<\/p>\n<p><strong>Costi:<br \/>\n<\/strong>La partecipazione \u00e8 gratuita, con prenotazione obbligatoria.<br \/>\nIl pernottamento in rifugio a carico dei partecipanti:<\/p>\n<ul>\n<li>Mezza pensione (pernottamento, cena \u2013 bibite escluse \u2013 e colazione): 43,00 \u20ac\/persona<\/li>\n<li>Per la giornata di sabato il rifugio fornisce agli escursionisti il pranzo al sacco (panino, bibita e frutta) al costo di 7,00 euro<\/li>\n<\/ul>\n<p><strong>Prenotazioni: <\/strong>per ragioni organizzative \u00e8 <u>obbligatoria la prenotazione entro le ore 12.00 di mercoled\u00ec 11 luglio<\/u>. <strong>Le <\/strong><strong>guide si riservano il diritto di sospendere o annullare le visite in caso di maltempo. Nel caso, agli iscritti verr\u00e0 data comunicazione con anticipo.<\/strong><\/p>\n<p>&nbsp;<\/p>\n<div id='gallery-1' class='gallery galleryid-9169 gallery-columns-4 gallery-size-thumbnail'><figure class='gallery-item'>\n\t\t\t<div class='gallery-icon portrait'>\n\t\t\t\t<a href='https:\/\/www.geoparcoalpicarniche.org\/it\/2018\/07\/04\/13-e-14-luglio-2018-geoescursioni-rif-marinelli-e-m-coglians\/marinelli_coglians_g1_2018\/'><img loading=\"lazy\" decoding=\"async\" width=\"150\" height=\"150\" src=\"https:\/\/www.geoparcoalpicarniche.org\/wp-content\/uploads\/2018\/07\/marinelli_coglians_g1_2018-150x150.jpeg\" class=\"attachment-thumbnail size-thumbnail\" alt=\"\" aria-describedby=\"gallery-1-9170\" \/><\/a>\n\t\t\t<\/div>\n\t\t\t\t<figcaption class='wp-caption-text gallery-caption' id='gallery-1-9170'>\n\t\t\t\tProgramma 13 luglio\n\t\t\t\t<\/figcaption><\/figure><figure class='gallery-item'>\n\t\t\t<div class='gallery-icon landscape'>\n\t\t\t\t<a href='https:\/\/www.geoparcoalpicarniche.org\/it\/2018\/07\/04\/13-e-14-luglio-2018-geoescursioni-rif-marinelli-e-m-coglians\/carta_marinelli-coglians-giorno1\/'><img loading=\"lazy\" decoding=\"async\" width=\"150\" height=\"150\" src=\"https:\/\/www.geoparcoalpicarniche.org\/wp-content\/uploads\/2018\/07\/carta_marinelli-coglians-giorno1-150x150.jpg\" class=\"attachment-thumbnail size-thumbnail\" alt=\"\" aria-describedby=\"gallery-1-9172\" \/><\/a>\n\t\t\t<\/div>\n\t\t\t\t<figcaption class='wp-caption-text gallery-caption' id='gallery-1-9172'>\n\t\t\t\tCarta 13 luglio\n\t\t\t\t<\/figcaption><\/figure><figure class='gallery-item'>\n\t\t\t<div class='gallery-icon portrait'>\n\t\t\t\t<a href='https:\/\/www.geoparcoalpicarniche.org\/it\/2018\/07\/04\/13-e-14-luglio-2018-geoescursioni-rif-marinelli-e-m-coglians\/marinelli_coglians_g2_2018\/'><img loading=\"lazy\" decoding=\"async\" width=\"150\" height=\"150\" src=\"https:\/\/www.geoparcoalpicarniche.org\/wp-content\/uploads\/2018\/07\/marinelli_coglians_g2_2018-150x150.jpeg\" class=\"attachment-thumbnail size-thumbnail\" alt=\"\" aria-describedby=\"gallery-1-9171\" \/><\/a>\n\t\t\t<\/div>\n\t\t\t\t<figcaption class='wp-caption-text gallery-caption' id='gallery-1-9171'>\n\t\t\t\tProgramma 14 luglio\n\t\t\t\t<\/figcaption><\/figure><figure class='gallery-item'>\n\t\t\t<div class='gallery-icon portrait'>\n\t\t\t\t<a href='https:\/\/www.geoparcoalpicarniche.org\/it\/2018\/07\/04\/13-e-14-luglio-2018-geoescursioni-rif-marinelli-e-m-coglians\/carta_marinelli-coglians-giorno2\/'><img loading=\"lazy\" decoding=\"async\" width=\"150\" height=\"150\" src=\"https:\/\/www.geoparcoalpicarniche.org\/wp-content\/uploads\/2018\/07\/carta_marinelli-coglians-giorno2-150x150.jpg\" class=\"attachment-thumbnail size-thumbnail\" alt=\"\" aria-describedby=\"gallery-1-9173\" \/><\/a>\n\t\t\t<\/div>\n\t\t\t\t<figcaption class='wp-caption-text gallery-caption' id='gallery-1-9173'>\n\t\t\t\tCarta 14 luglio\n\t\t\t\t<\/figcaption><\/figure>\n\t\t<\/div>\n\n","protected":false},"excerpt":{"rendered":"<p>Un viaggio nel tempo geologico, lungo i resti della pi\u00f9 importante scogliera organogena formatasi nel Devoniano oggi visibile in Europa e successivamente modellata dalle glaciazioni e dal fenomeno del carsismo.<\/p>\n","protected":false},"author":3,"featured_media":2435,"comment_status":"closed","ping_status":"closed","sticky":false,"template":"","format":"standard","meta":{"_acf_changed":false,"inline_featured_image":false,"ngg_post_thumbnail":0,"footnotes":""},"categories":[1],"tags":[],"class_list":{"0":"post-9169","1":"post","2":"type-post","3":"status-publish","4":"format-standard","5":"has-post-thumbnail","7":"category-news","8":"clearfix","9":"article"},"acf":[],"yoast_head":"<!-- This site is optimized with the Yoast SEO plugin v27.5 - https:\/\/yoast.com\/product\/yoast-seo-wordpress\/ -->\n<title>13 e 14 luglio 2018 - Geoescursioni rif. Marinelli e M. Coglians - Geoparco Alpi Carniche<\/title>\n<meta name=\"robots\" content=\"index, follow, max-snippet:-1, max-image-preview:large, max-video-preview:-1\" \/>\n<link rel=\"canonical\" href=\"https:\/\/www.geoparcoalpicarniche.org\/it\/2018\/07\/04\/13-e-14-luglio-2018-geoescursioni-rif-marinelli-e-m-coglians\/\" \/>\n<meta property=\"og:locale\" content=\"it_IT\" \/>\n<meta property=\"og:type\" content=\"article\" \/>\n<meta property=\"og:title\" content=\"13 e 14 luglio 2018 - Geoescursioni rif. Marinelli e M. Coglians - Geoparco Alpi Carniche\" \/>\n<meta property=\"og:description\" content=\"Un viaggio nel tempo geologico, lungo i resti della pi\u00f9 importante scogliera organogena formatasi nel Devoniano oggi visibile in Europa e successivamente modellata dalle glaciazioni e dal fenomeno del carsismo.\" \/>\n<meta property=\"og:url\" content=\"https:\/\/www.geoparcoalpicarniche.org\/it\/2018\/07\/04\/13-e-14-luglio-2018-geoescursioni-rif-marinelli-e-m-coglians\/\" \/>\n<meta property=\"og:site_name\" content=\"Geoparco Alpi Carniche\" \/>\n<meta property=\"article:published_time\" content=\"2018-07-04T06:49:33+00:00\" \/>\n<meta property=\"article:modified_time\" content=\"2018-07-04T06:53:51+00:00\" \/>\n<meta property=\"og:image\" content=\"https:\/\/www.geoparcoalpicarniche.org\/wp-content\/uploads\/2017\/12\/1.0-Ph-Grande_Coglians.jpg\" \/>\n\t<meta property=\"og:image:width\" content=\"1920\" \/>\n\t<meta property=\"og:image:height\" content=\"1284\" \/>\n\t<meta property=\"og:image:type\" content=\"image\/jpeg\" \/>\n<meta name=\"author\" content=\"Daniela De Prato\" \/>\n<meta name=\"twitter:card\" content=\"summary_large_image\" \/>\n<meta name=\"twitter:label1\" content=\"Scritto da\" \/>\n\t<meta name=\"twitter:data1\" content=\"Daniela De Prato\" \/>\n\t<meta name=\"twitter:label2\" content=\"Tempo di lettura stimato\" \/>\n\t<meta name=\"twitter:data2\" content=\"2 minuti\" \/>\n<script type=\"application\/ld+json\" class=\"yoast-schema-graph\">{\"@context\":\"https:\\\/\\\/schema.org\",\"@graph\":[{\"@type\":\"Article\",\"@id\":\"https:\\\/\\\/www.geoparcoalpicarniche.org\\\/it\\\/2018\\\/07\\\/04\\\/13-e-14-luglio-2018-geoescursioni-rif-marinelli-e-m-coglians\\\/#article\",\"isPartOf\":{\"@id\":\"https:\\\/\\\/www.geoparcoalpicarniche.org\\\/it\\\/2018\\\/07\\\/04\\\/13-e-14-luglio-2018-geoescursioni-rif-marinelli-e-m-coglians\\\/\"},\"author\":{\"name\":\"Daniela De Prato\",\"@id\":\"https:\\\/\\\/www.geoparcoalpicarniche.org\\\/it\\\/#\\\/schema\\\/person\\\/792aecb9ddcd31b0cc00dad212b54d63\"},\"headline\":\"13 e 14 luglio 2018 &#8211; Geoescursioni rif. Marinelli e M. Coglians\",\"datePublished\":\"2018-07-04T06:49:33+00:00\",\"dateModified\":\"2018-07-04T06:53:51+00:00\",\"mainEntityOfPage\":{\"@id\":\"https:\\\/\\\/www.geoparcoalpicarniche.org\\\/it\\\/2018\\\/07\\\/04\\\/13-e-14-luglio-2018-geoescursioni-rif-marinelli-e-m-coglians\\\/\"},\"wordCount\":490,\"image\":{\"@id\":\"https:\\\/\\\/www.geoparcoalpicarniche.org\\\/it\\\/2018\\\/07\\\/04\\\/13-e-14-luglio-2018-geoescursioni-rif-marinelli-e-m-coglians\\\/#primaryimage\"},\"thumbnailUrl\":\"https:\\\/\\\/www.geoparcoalpicarniche.org\\\/wp-content\\\/uploads\\\/2017\\\/12\\\/1.0-Ph-Grande_Coglians.jpg\",\"articleSection\":[\"News\"],\"inLanguage\":\"it-IT\"},{\"@type\":\"WebPage\",\"@id\":\"https:\\\/\\\/www.geoparcoalpicarniche.org\\\/it\\\/2018\\\/07\\\/04\\\/13-e-14-luglio-2018-geoescursioni-rif-marinelli-e-m-coglians\\\/\",\"url\":\"https:\\\/\\\/www.geoparcoalpicarniche.org\\\/it\\\/2018\\\/07\\\/04\\\/13-e-14-luglio-2018-geoescursioni-rif-marinelli-e-m-coglians\\\/\",\"name\":\"13 e 14 luglio 2018 - Geoescursioni rif. Marinelli e M. Coglians - Geoparco Alpi Carniche\",\"isPartOf\":{\"@id\":\"https:\\\/\\\/www.geoparcoalpicarniche.org\\\/it\\\/#website\"},\"primaryImageOfPage\":{\"@id\":\"https:\\\/\\\/www.geoparcoalpicarniche.org\\\/it\\\/2018\\\/07\\\/04\\\/13-e-14-luglio-2018-geoescursioni-rif-marinelli-e-m-coglians\\\/#primaryimage\"},\"image\":{\"@id\":\"https:\\\/\\\/www.geoparcoalpicarniche.org\\\/it\\\/2018\\\/07\\\/04\\\/13-e-14-luglio-2018-geoescursioni-rif-marinelli-e-m-coglians\\\/#primaryimage\"},\"thumbnailUrl\":\"https:\\\/\\\/www.geoparcoalpicarniche.org\\\/wp-content\\\/uploads\\\/2017\\\/12\\\/1.0-Ph-Grande_Coglians.jpg\",\"datePublished\":\"2018-07-04T06:49:33+00:00\",\"dateModified\":\"2018-07-04T06:53:51+00:00\",\"author\":{\"@id\":\"https:\\\/\\\/www.geoparcoalpicarniche.org\\\/it\\\/#\\\/schema\\\/person\\\/792aecb9ddcd31b0cc00dad212b54d63\"},\"breadcrumb\":{\"@id\":\"https:\\\/\\\/www.geoparcoalpicarniche.org\\\/it\\\/2018\\\/07\\\/04\\\/13-e-14-luglio-2018-geoescursioni-rif-marinelli-e-m-coglians\\\/#breadcrumb\"},\"inLanguage\":\"it-IT\",\"potentialAction\":[{\"@type\":\"ReadAction\",\"target\":[\"https:\\\/\\\/www.geoparcoalpicarniche.org\\\/it\\\/2018\\\/07\\\/04\\\/13-e-14-luglio-2018-geoescursioni-rif-marinelli-e-m-coglians\\\/\"]}]},{\"@type\":\"ImageObject\",\"inLanguage\":\"it-IT\",\"@id\":\"https:\\\/\\\/www.geoparcoalpicarniche.org\\\/it\\\/2018\\\/07\\\/04\\\/13-e-14-luglio-2018-geoescursioni-rif-marinelli-e-m-coglians\\\/#primaryimage\",\"url\":\"https:\\\/\\\/www.geoparcoalpicarniche.org\\\/wp-content\\\/uploads\\\/2017\\\/12\\\/1.0-Ph-Grande_Coglians.jpg\",\"contentUrl\":\"https:\\\/\\\/www.geoparcoalpicarniche.org\\\/wp-content\\\/uploads\\\/2017\\\/12\\\/1.0-Ph-Grande_Coglians.jpg\",\"width\":1920,\"height\":1284,\"caption\":\"Monte Coglians\"},{\"@type\":\"BreadcrumbList\",\"@id\":\"https:\\\/\\\/www.geoparcoalpicarniche.org\\\/it\\\/2018\\\/07\\\/04\\\/13-e-14-luglio-2018-geoescursioni-rif-marinelli-e-m-coglians\\\/#breadcrumb\",\"itemListElement\":[{\"@type\":\"ListItem\",\"position\":1,\"name\":\"Home\",\"item\":\"https:\\\/\\\/www.geoparcoalpicarniche.org\\\/it\\\/\"},{\"@type\":\"ListItem\",\"position\":2,\"name\":\"13 e 14 luglio 2018 &#8211; Geoescursioni rif. Marinelli e M. Coglians\"}]},{\"@type\":\"WebSite\",\"@id\":\"https:\\\/\\\/www.geoparcoalpicarniche.org\\\/it\\\/#website\",\"url\":\"https:\\\/\\\/www.geoparcoalpicarniche.org\\\/it\\\/\",\"name\":\"Geoparco Alpi Carniche\",\"description\":\"Custode del patrimonio geologico transfrontaliero\",\"potentialAction\":[{\"@type\":\"SearchAction\",\"target\":{\"@type\":\"EntryPoint\",\"urlTemplate\":\"https:\\\/\\\/www.geoparcoalpicarniche.org\\\/it\\\/?s={search_term_string}\"},\"query-input\":{\"@type\":\"PropertyValueSpecification\",\"valueRequired\":true,\"valueName\":\"search_term_string\"}}],\"inLanguage\":\"it-IT\"},{\"@type\":\"Person\",\"@id\":\"https:\\\/\\\/www.geoparcoalpicarniche.org\\\/it\\\/#\\\/schema\\\/person\\\/792aecb9ddcd31b0cc00dad212b54d63\",\"name\":\"Daniela De Prato\",\"image\":{\"@type\":\"ImageObject\",\"inLanguage\":\"it-IT\",\"@id\":\"https:\\\/\\\/secure.gravatar.com\\\/avatar\\\/520e88177f085d0a607e4819e57b260a0541e8dc2c786fd187de50158ed6ccf5?s=96&d=mm&r=g\",\"url\":\"https:\\\/\\\/secure.gravatar.com\\\/avatar\\\/520e88177f085d0a607e4819e57b260a0541e8dc2c786fd187de50158ed6ccf5?s=96&d=mm&r=g\",\"contentUrl\":\"https:\\\/\\\/secure.gravatar.com\\\/avatar\\\/520e88177f085d0a607e4819e57b260a0541e8dc2c786fd187de50158ed6ccf5?s=96&d=mm&r=g\",\"caption\":\"Daniela De Prato\"}}]}<\/script>\n<!-- \/ Yoast SEO plugin. -->","yoast_head_json":{"title":"13 e 14 luglio 2018 - Geoescursioni rif. Marinelli e M. Coglians - Geoparco Alpi Carniche","robots":{"index":"index","follow":"follow","max-snippet":"max-snippet:-1","max-image-preview":"max-image-preview:large","max-video-preview":"max-video-preview:-1"},"canonical":"https:\/\/www.geoparcoalpicarniche.org\/it\/2018\/07\/04\/13-e-14-luglio-2018-geoescursioni-rif-marinelli-e-m-coglians\/","og_locale":"it_IT","og_type":"article","og_title":"13 e 14 luglio 2018 - Geoescursioni rif. Marinelli e M. Coglians - Geoparco Alpi Carniche","og_description":"Un viaggio nel tempo geologico, lungo i resti della pi\u00f9 importante scogliera organogena formatasi nel Devoniano oggi visibile in Europa e successivamente modellata dalle glaciazioni e dal fenomeno del carsismo.","og_url":"https:\/\/www.geoparcoalpicarniche.org\/it\/2018\/07\/04\/13-e-14-luglio-2018-geoescursioni-rif-marinelli-e-m-coglians\/","og_site_name":"Geoparco Alpi Carniche","article_published_time":"2018-07-04T06:49:33+00:00","article_modified_time":"2018-07-04T06:53:51+00:00","og_image":[{"width":1920,"height":1284,"url":"https:\/\/www.geoparcoalpicarniche.org\/wp-content\/uploads\/2017\/12\/1.0-Ph-Grande_Coglians.jpg","type":"image\/jpeg"}],"author":"Daniela De Prato","twitter_card":"summary_large_image","twitter_misc":{"Scritto da":"Daniela De Prato","Tempo di lettura stimato":"2 minuti"},"schema":{"@context":"https:\/\/schema.org","@graph":[{"@type":"Article","@id":"https:\/\/www.geoparcoalpicarniche.org\/it\/2018\/07\/04\/13-e-14-luglio-2018-geoescursioni-rif-marinelli-e-m-coglians\/#article","isPartOf":{"@id":"https:\/\/www.geoparcoalpicarniche.org\/it\/2018\/07\/04\/13-e-14-luglio-2018-geoescursioni-rif-marinelli-e-m-coglians\/"},"author":{"name":"Daniela De Prato","@id":"https:\/\/www.geoparcoalpicarniche.org\/it\/#\/schema\/person\/792aecb9ddcd31b0cc00dad212b54d63"},"headline":"13 e 14 luglio 2018 &#8211; Geoescursioni rif. Marinelli e M. Coglians","datePublished":"2018-07-04T06:49:33+00:00","dateModified":"2018-07-04T06:53:51+00:00","mainEntityOfPage":{"@id":"https:\/\/www.geoparcoalpicarniche.org\/it\/2018\/07\/04\/13-e-14-luglio-2018-geoescursioni-rif-marinelli-e-m-coglians\/"},"wordCount":490,"image":{"@id":"https:\/\/www.geoparcoalpicarniche.org\/it\/2018\/07\/04\/13-e-14-luglio-2018-geoescursioni-rif-marinelli-e-m-coglians\/#primaryimage"},"thumbnailUrl":"https:\/\/www.geoparcoalpicarniche.org\/wp-content\/uploads\/2017\/12\/1.0-Ph-Grande_Coglians.jpg","articleSection":["News"],"inLanguage":"it-IT"},{"@type":"WebPage","@id":"https:\/\/www.geoparcoalpicarniche.org\/it\/2018\/07\/04\/13-e-14-luglio-2018-geoescursioni-rif-marinelli-e-m-coglians\/","url":"https:\/\/www.geoparcoalpicarniche.org\/it\/2018\/07\/04\/13-e-14-luglio-2018-geoescursioni-rif-marinelli-e-m-coglians\/","name":"13 e 14 luglio 2018 - Geoescursioni rif. Marinelli e M. Coglians - Geoparco Alpi Carniche","isPartOf":{"@id":"https:\/\/www.geoparcoalpicarniche.org\/it\/#website"},"primaryImageOfPage":{"@id":"https:\/\/www.geoparcoalpicarniche.org\/it\/2018\/07\/04\/13-e-14-luglio-2018-geoescursioni-rif-marinelli-e-m-coglians\/#primaryimage"},"image":{"@id":"https:\/\/www.geoparcoalpicarniche.org\/it\/2018\/07\/04\/13-e-14-luglio-2018-geoescursioni-rif-marinelli-e-m-coglians\/#primaryimage"},"thumbnailUrl":"https:\/\/www.geoparcoalpicarniche.org\/wp-content\/uploads\/2017\/12\/1.0-Ph-Grande_Coglians.jpg","datePublished":"2018-07-04T06:49:33+00:00","dateModified":"2018-07-04T06:53:51+00:00","author":{"@id":"https:\/\/www.geoparcoalpicarniche.org\/it\/#\/schema\/person\/792aecb9ddcd31b0cc00dad212b54d63"},"breadcrumb":{"@id":"https:\/\/www.geoparcoalpicarniche.org\/it\/2018\/07\/04\/13-e-14-luglio-2018-geoescursioni-rif-marinelli-e-m-coglians\/#breadcrumb"},"inLanguage":"it-IT","potentialAction":[{"@type":"ReadAction","target":["https:\/\/www.geoparcoalpicarniche.org\/it\/2018\/07\/04\/13-e-14-luglio-2018-geoescursioni-rif-marinelli-e-m-coglians\/"]}]},{"@type":"ImageObject","inLanguage":"it-IT","@id":"https:\/\/www.geoparcoalpicarniche.org\/it\/2018\/07\/04\/13-e-14-luglio-2018-geoescursioni-rif-marinelli-e-m-coglians\/#primaryimage","url":"https:\/\/www.geoparcoalpicarniche.org\/wp-content\/uploads\/2017\/12\/1.0-Ph-Grande_Coglians.jpg","contentUrl":"https:\/\/www.geoparcoalpicarniche.org\/wp-content\/uploads\/2017\/12\/1.0-Ph-Grande_Coglians.jpg","width":1920,"height":1284,"caption":"Monte Coglians"},{"@type":"BreadcrumbList","@id":"https:\/\/www.geoparcoalpicarniche.org\/it\/2018\/07\/04\/13-e-14-luglio-2018-geoescursioni-rif-marinelli-e-m-coglians\/#breadcrumb","itemListElement":[{"@type":"ListItem","position":1,"name":"Home","item":"https:\/\/www.geoparcoalpicarniche.org\/it\/"},{"@type":"ListItem","position":2,"name":"13 e 14 luglio 2018 &#8211; Geoescursioni rif. Marinelli e M. Coglians"}]},{"@type":"WebSite","@id":"https:\/\/www.geoparcoalpicarniche.org\/it\/#website","url":"https:\/\/www.geoparcoalpicarniche.org\/it\/","name":"Geoparco Alpi Carniche","description":"Custode del patrimonio geologico transfrontaliero","potentialAction":[{"@type":"SearchAction","target":{"@type":"EntryPoint","urlTemplate":"https:\/\/www.geoparcoalpicarniche.org\/it\/?s={search_term_string}"},"query-input":{"@type":"PropertyValueSpecification","valueRequired":true,"valueName":"search_term_string"}}],"inLanguage":"it-IT"},{"@type":"Person","@id":"https:\/\/www.geoparcoalpicarniche.org\/it\/#\/schema\/person\/792aecb9ddcd31b0cc00dad212b54d63","name":"Daniela De Prato","image":{"@type":"ImageObject","inLanguage":"it-IT","@id":"https:\/\/secure.gravatar.com\/avatar\/520e88177f085d0a607e4819e57b260a0541e8dc2c786fd187de50158ed6ccf5?s=96&d=mm&r=g","url":"https:\/\/secure.gravatar.com\/avatar\/520e88177f085d0a607e4819e57b260a0541e8dc2c786fd187de50158ed6ccf5?s=96&d=mm&r=g","contentUrl":"https:\/\/secure.gravatar.com\/avatar\/520e88177f085d0a607e4819e57b260a0541e8dc2c786fd187de50158ed6ccf5?s=96&d=mm&r=g","caption":"Daniela De Prato"}}]}},"_links":{"self":[{"href":"https:\/\/www.geoparcoalpicarniche.org\/it\/wp-json\/wp\/v2\/posts\/9169","targetHints":{"allow":["GET"]}}],"collection":[{"href":"https:\/\/www.geoparcoalpicarniche.org\/it\/wp-json\/wp\/v2\/posts"}],"about":[{"href":"https:\/\/www.geoparcoalpicarniche.org\/it\/wp-json\/wp\/v2\/types\/post"}],"author":[{"embeddable":true,"href":"https:\/\/www.geoparcoalpicarniche.org\/it\/wp-json\/wp\/v2\/users\/3"}],"replies":[{"embeddable":true,"href":"https:\/\/www.geoparcoalpicarniche.org\/it\/wp-json\/wp\/v2\/comments?post=9169"}],"version-history":[{"count":5,"href":"https:\/\/www.geoparcoalpicarniche.org\/it\/wp-json\/wp\/v2\/posts\/9169\/revisions"}],"predecessor-version":[{"id":9178,"href":"https:\/\/www.geoparcoalpicarniche.org\/it\/wp-json\/wp\/v2\/posts\/9169\/revisions\/9178"}],"wp:featuredmedia":[{"embeddable":true,"href":"https:\/\/www.geoparcoalpicarniche.org\/it\/wp-json\/wp\/v2\/media\/2435"}],"wp:attachment":[{"href":"https:\/\/www.geoparcoalpicarniche.org\/it\/wp-json\/wp\/v2\/media?parent=9169"}],"wp:term":[{"taxonomy":"category","embeddable":true,"href":"https:\/\/www.geoparcoalpicarniche.org\/it\/wp-json\/wp\/v2\/categories?post=9169"},{"taxonomy":"post_tag","embeddable":true,"href":"https:\/\/www.geoparcoalpicarniche.org\/it\/wp-json\/wp\/v2\/tags?post=9169"}],"curies":[{"name":"wp","href":"https:\/\/api.w.org\/{rel}","templated":true}]}}