{"id":9160,"date":"2018-07-02T12:54:48","date_gmt":"2018-07-02T10:54:48","guid":{"rendered":"https:\/\/www.geoparcoalpicarniche.org\/?p=9160"},"modified":"2018-07-02T15:18:38","modified_gmt":"2018-07-02T13:18:38","slug":"8-luglio-2018-geoescursione-al-monte-bivera","status":"publish","type":"post","link":"https:\/\/www.geoparcoalpicarniche.org\/it\/2018\/07\/02\/8-luglio-2018-geoescursione-al-monte-bivera\/","title":{"rendered":"8 luglio 2018 &#8211; Geoescursione al Monte Bivera"},"content":{"rendered":"<p>Domenica 8 luglio 2018 il Geoparco Transfrontaliero delle Alpi Carniche propone una geoescursione al geosito di interesse nazionale del Monte Bivera.<br \/>\nQuest&#8217;anno percorreremo il sentiero CAI 212, dedicato ai geologi Giulio Pisa e Riccardo Assereto, che qui studiarono ed istituirono la cosiddetta Formazione di Monte Bivera, con i suoi sorprendenti livelli rossastri, risalenti all&#8217;Anisico Superiore (circa 240 milioni di anni fa).<br \/>\nCi ritroveremo a Casera Razzo (raggiungibile sia da Sauris che da Prato Carnico e Laggio di Cadore, da dove organizzeremo una navetta con auto autorizzate per l&#8217;occasione fino a Casera Chiansaveit, da dove partiremo per la salita alla forcella del Bivera. Da l\u00ec osserveremo il sottostante, spettacolare, Pian delle Streghe e cercheremo, insieme alla guida geologica, di comprendere le differenti stratificazioni dolomitiche che caratterizzano l&#8217;area compresa tra i monti Bivera, Clapsavon e Zauf.<br \/>\nChi vorr\u00e0 potr\u00e0 avventurarsi fino alla vicina vetta del Bivera. Panorama mozzafiato garantito! Tutti insieme, quindi, ridiscenderemo lungo l&#8217;erto ghiaione che riporta a casera Chiansaveit.<br \/>\nCome sempre, l&#8217;uscit\u00e0 \u00e8 gratuita ma \u00e8 necessaria la prenotazione entro venerd\u00ec. Studiate la carta allegata e la scheda tecnica del percorso, dunque, e alzate il telefono o scriveteci!<\/p>\n<p><a href=\"https:\/\/www.geoparcoalpicarniche.org\/wp-content\/uploads\/2018\/07\/escursione_pisa_assereto.pdf\">escursione_pisa_assereto<\/a><\/p>\n<p><a href=\"https:\/\/www.geoparcoalpicarniche.org\/wp-content\/uploads\/2018\/07\/escursione_pisa_assereto.jpg\"><img loading=\"lazy\" decoding=\"async\" class=\"alignnone size-thumbnail wp-image-9162\" src=\"https:\/\/www.geoparcoalpicarniche.org\/wp-content\/uploads\/2018\/07\/escursione_pisa_assereto-150x150.jpg\" alt=\"\" width=\"150\" height=\"150\" \/><\/a> <a href=\"https:\/\/www.geoparcoalpicarniche.org\/wp-content\/uploads\/2018\/07\/pisa-assereto.jpg\"><img loading=\"lazy\" decoding=\"async\" class=\"alignnone wp-image-9164 size-thumbnail\" src=\"https:\/\/www.geoparcoalpicarniche.org\/wp-content\/uploads\/2018\/07\/pisa-assereto-150x150.jpg\" alt=\"\" width=\"150\" height=\"150\" \/><\/a><\/p>\n","protected":false},"excerpt":{"rendered":"<p>Domenica 8 luglio 2018 il Geoparco Transfrontaliero delle Alpi Carniche propone una geoescursione al geosito di interesse nazionale del Monte Bivera.<\/p>\n","protected":false},"author":3,"featured_media":9161,"comment_status":"closed","ping_status":"closed","sticky":false,"template":"","format":"standard","meta":{"_acf_changed":false,"inline_featured_image":false,"ngg_post_thumbnail":0,"footnotes":""},"categories":[264,40,43,100],"tags":[],"class_list":{"0":"post-9160","1":"post","2":"type-post","3":"status-publish","4":"format-standard","5":"has-post-thumbnail","7":"category-attivita","8":"category-eventi","9":"category-geoescursioni","10":"category-news-dal-geoparco","11":"clearfix","12":"article"},"acf":[],"yoast_head":"<!-- This site is optimized with the Yoast SEO plugin v27.5 - https:\/\/yoast.com\/product\/yoast-seo-wordpress\/ -->\n<title>8 luglio 2018 - Geoescursione al Monte Bivera - Geoparco Alpi Carniche<\/title>\n<meta name=\"robots\" content=\"index, follow, max-snippet:-1, max-image-preview:large, max-video-preview:-1\" \/>\n<link rel=\"canonical\" href=\"https:\/\/www.geoparcoalpicarniche.org\/it\/2018\/07\/02\/8-luglio-2018-geoescursione-al-monte-bivera\/\" \/>\n<meta property=\"og:locale\" content=\"it_IT\" \/>\n<meta property=\"og:type\" content=\"article\" \/>\n<meta property=\"og:title\" content=\"8 luglio 2018 - Geoescursione al Monte Bivera - Geoparco Alpi Carniche\" \/>\n<meta property=\"og:description\" content=\"Domenica 8 luglio 2018 il Geoparco Transfrontaliero delle Alpi Carniche propone una geoescursione al geosito di interesse nazionale del Monte Bivera.\" \/>\n<meta property=\"og:url\" content=\"https:\/\/www.geoparcoalpicarniche.org\/it\/2018\/07\/02\/8-luglio-2018-geoescursione-al-monte-bivera\/\" \/>\n<meta property=\"og:site_name\" content=\"Geoparco Alpi Carniche\" \/>\n<meta property=\"article:published_time\" content=\"2018-07-02T10:54:48+00:00\" \/>\n<meta property=\"article:modified_time\" content=\"2018-07-02T13:18:38+00:00\" \/>\n<meta property=\"og:image\" content=\"https:\/\/www.geoparcoalpicarniche.org\/wp-content\/uploads\/2018\/07\/IMG_8329-e1530528771813.jpg\" \/>\n\t<meta property=\"og:image:width\" content=\"1920\" \/>\n\t<meta property=\"og:image:height\" content=\"1280\" \/>\n\t<meta property=\"og:image:type\" content=\"image\/jpeg\" \/>\n<meta name=\"author\" content=\"Daniela De Prato\" \/>\n<meta name=\"twitter:card\" content=\"summary_large_image\" \/>\n<meta name=\"twitter:label1\" content=\"Scritto da\" \/>\n\t<meta name=\"twitter:data1\" content=\"Daniela De Prato\" \/>\n\t<meta name=\"twitter:label2\" content=\"Tempo di lettura stimato\" \/>\n\t<meta name=\"twitter:data2\" content=\"1 minuto\" \/>\n<script type=\"application\/ld+json\" class=\"yoast-schema-graph\">{\"@context\":\"https:\\\/\\\/schema.org\",\"@graph\":[{\"@type\":\"Article\",\"@id\":\"https:\\\/\\\/www.geoparcoalpicarniche.org\\\/it\\\/2018\\\/07\\\/02\\\/8-luglio-2018-geoescursione-al-monte-bivera\\\/#article\",\"isPartOf\":{\"@id\":\"https:\\\/\\\/www.geoparcoalpicarniche.org\\\/it\\\/2018\\\/07\\\/02\\\/8-luglio-2018-geoescursione-al-monte-bivera\\\/\"},\"author\":{\"name\":\"Daniela De Prato\",\"@id\":\"https:\\\/\\\/www.geoparcoalpicarniche.org\\\/it\\\/#\\\/schema\\\/person\\\/792aecb9ddcd31b0cc00dad212b54d63\"},\"headline\":\"8 luglio 2018 &#8211; Geoescursione al Monte Bivera\",\"datePublished\":\"2018-07-02T10:54:48+00:00\",\"dateModified\":\"2018-07-02T13:18:38+00:00\",\"mainEntityOfPage\":{\"@id\":\"https:\\\/\\\/www.geoparcoalpicarniche.org\\\/it\\\/2018\\\/07\\\/02\\\/8-luglio-2018-geoescursione-al-monte-bivera\\\/\"},\"wordCount\":197,\"image\":{\"@id\":\"https:\\\/\\\/www.geoparcoalpicarniche.org\\\/it\\\/2018\\\/07\\\/02\\\/8-luglio-2018-geoescursione-al-monte-bivera\\\/#primaryimage\"},\"thumbnailUrl\":\"https:\\\/\\\/www.geoparcoalpicarniche.org\\\/wp-content\\\/uploads\\\/2018\\\/07\\\/IMG_8329-e1530528771813.jpg\",\"articleSection\":[\"Attivit\u00e0\",\"Eventi\",\"Geoescursioni\",\"News dal geoparco\"],\"inLanguage\":\"it-IT\"},{\"@type\":\"WebPage\",\"@id\":\"https:\\\/\\\/www.geoparcoalpicarniche.org\\\/it\\\/2018\\\/07\\\/02\\\/8-luglio-2018-geoescursione-al-monte-bivera\\\/\",\"url\":\"https:\\\/\\\/www.geoparcoalpicarniche.org\\\/it\\\/2018\\\/07\\\/02\\\/8-luglio-2018-geoescursione-al-monte-bivera\\\/\",\"name\":\"8 luglio 2018 - Geoescursione al Monte Bivera - Geoparco Alpi Carniche\",\"isPartOf\":{\"@id\":\"https:\\\/\\\/www.geoparcoalpicarniche.org\\\/it\\\/#website\"},\"primaryImageOfPage\":{\"@id\":\"https:\\\/\\\/www.geoparcoalpicarniche.org\\\/it\\\/2018\\\/07\\\/02\\\/8-luglio-2018-geoescursione-al-monte-bivera\\\/#primaryimage\"},\"image\":{\"@id\":\"https:\\\/\\\/www.geoparcoalpicarniche.org\\\/it\\\/2018\\\/07\\\/02\\\/8-luglio-2018-geoescursione-al-monte-bivera\\\/#primaryimage\"},\"thumbnailUrl\":\"https:\\\/\\\/www.geoparcoalpicarniche.org\\\/wp-content\\\/uploads\\\/2018\\\/07\\\/IMG_8329-e1530528771813.jpg\",\"datePublished\":\"2018-07-02T10:54:48+00:00\",\"dateModified\":\"2018-07-02T13:18:38+00:00\",\"author\":{\"@id\":\"https:\\\/\\\/www.geoparcoalpicarniche.org\\\/it\\\/#\\\/schema\\\/person\\\/792aecb9ddcd31b0cc00dad212b54d63\"},\"breadcrumb\":{\"@id\":\"https:\\\/\\\/www.geoparcoalpicarniche.org\\\/it\\\/2018\\\/07\\\/02\\\/8-luglio-2018-geoescursione-al-monte-bivera\\\/#breadcrumb\"},\"inLanguage\":\"it-IT\",\"potentialAction\":[{\"@type\":\"ReadAction\",\"target\":[\"https:\\\/\\\/www.geoparcoalpicarniche.org\\\/it\\\/2018\\\/07\\\/02\\\/8-luglio-2018-geoescursione-al-monte-bivera\\\/\"]}]},{\"@type\":\"ImageObject\",\"inLanguage\":\"it-IT\",\"@id\":\"https:\\\/\\\/www.geoparcoalpicarniche.org\\\/it\\\/2018\\\/07\\\/02\\\/8-luglio-2018-geoescursione-al-monte-bivera\\\/#primaryimage\",\"url\":\"https:\\\/\\\/www.geoparcoalpicarniche.org\\\/wp-content\\\/uploads\\\/2018\\\/07\\\/IMG_8329-e1530528771813.jpg\",\"contentUrl\":\"https:\\\/\\\/www.geoparcoalpicarniche.org\\\/wp-content\\\/uploads\\\/2018\\\/07\\\/IMG_8329-e1530528771813.jpg\",\"width\":1920,\"height\":1280},{\"@type\":\"BreadcrumbList\",\"@id\":\"https:\\\/\\\/www.geoparcoalpicarniche.org\\\/it\\\/2018\\\/07\\\/02\\\/8-luglio-2018-geoescursione-al-monte-bivera\\\/#breadcrumb\",\"itemListElement\":[{\"@type\":\"ListItem\",\"position\":1,\"name\":\"Home\",\"item\":\"https:\\\/\\\/www.geoparcoalpicarniche.org\\\/it\\\/\"},{\"@type\":\"ListItem\",\"position\":2,\"name\":\"8 luglio 2018 &#8211; Geoescursione al Monte Bivera\"}]},{\"@type\":\"WebSite\",\"@id\":\"https:\\\/\\\/www.geoparcoalpicarniche.org\\\/it\\\/#website\",\"url\":\"https:\\\/\\\/www.geoparcoalpicarniche.org\\\/it\\\/\",\"name\":\"Geoparco Alpi Carniche\",\"description\":\"Custode del patrimonio geologico transfrontaliero\",\"potentialAction\":[{\"@type\":\"SearchAction\",\"target\":{\"@type\":\"EntryPoint\",\"urlTemplate\":\"https:\\\/\\\/www.geoparcoalpicarniche.org\\\/it\\\/?s={search_term_string}\"},\"query-input\":{\"@type\":\"PropertyValueSpecification\",\"valueRequired\":true,\"valueName\":\"search_term_string\"}}],\"inLanguage\":\"it-IT\"},{\"@type\":\"Person\",\"@id\":\"https:\\\/\\\/www.geoparcoalpicarniche.org\\\/it\\\/#\\\/schema\\\/person\\\/792aecb9ddcd31b0cc00dad212b54d63\",\"name\":\"Daniela De Prato\",\"image\":{\"@type\":\"ImageObject\",\"inLanguage\":\"it-IT\",\"@id\":\"https:\\\/\\\/secure.gravatar.com\\\/avatar\\\/520e88177f085d0a607e4819e57b260a0541e8dc2c786fd187de50158ed6ccf5?s=96&d=mm&r=g\",\"url\":\"https:\\\/\\\/secure.gravatar.com\\\/avatar\\\/520e88177f085d0a607e4819e57b260a0541e8dc2c786fd187de50158ed6ccf5?s=96&d=mm&r=g\",\"contentUrl\":\"https:\\\/\\\/secure.gravatar.com\\\/avatar\\\/520e88177f085d0a607e4819e57b260a0541e8dc2c786fd187de50158ed6ccf5?s=96&d=mm&r=g\",\"caption\":\"Daniela De Prato\"}}]}<\/script>\n<!-- \/ Yoast SEO plugin. -->","yoast_head_json":{"title":"8 luglio 2018 - Geoescursione al Monte Bivera - Geoparco Alpi Carniche","robots":{"index":"index","follow":"follow","max-snippet":"max-snippet:-1","max-image-preview":"max-image-preview:large","max-video-preview":"max-video-preview:-1"},"canonical":"https:\/\/www.geoparcoalpicarniche.org\/it\/2018\/07\/02\/8-luglio-2018-geoescursione-al-monte-bivera\/","og_locale":"it_IT","og_type":"article","og_title":"8 luglio 2018 - Geoescursione al Monte Bivera - Geoparco Alpi Carniche","og_description":"Domenica 8 luglio 2018 il Geoparco Transfrontaliero delle Alpi Carniche propone una geoescursione al geosito di interesse nazionale del Monte Bivera.","og_url":"https:\/\/www.geoparcoalpicarniche.org\/it\/2018\/07\/02\/8-luglio-2018-geoescursione-al-monte-bivera\/","og_site_name":"Geoparco Alpi Carniche","article_published_time":"2018-07-02T10:54:48+00:00","article_modified_time":"2018-07-02T13:18:38+00:00","og_image":[{"width":1920,"height":1280,"url":"https:\/\/www.geoparcoalpicarniche.org\/wp-content\/uploads\/2018\/07\/IMG_8329-e1530528771813.jpg","type":"image\/jpeg"}],"author":"Daniela De Prato","twitter_card":"summary_large_image","twitter_misc":{"Scritto da":"Daniela De Prato","Tempo di lettura stimato":"1 minuto"},"schema":{"@context":"https:\/\/schema.org","@graph":[{"@type":"Article","@id":"https:\/\/www.geoparcoalpicarniche.org\/it\/2018\/07\/02\/8-luglio-2018-geoescursione-al-monte-bivera\/#article","isPartOf":{"@id":"https:\/\/www.geoparcoalpicarniche.org\/it\/2018\/07\/02\/8-luglio-2018-geoescursione-al-monte-bivera\/"},"author":{"name":"Daniela De Prato","@id":"https:\/\/www.geoparcoalpicarniche.org\/it\/#\/schema\/person\/792aecb9ddcd31b0cc00dad212b54d63"},"headline":"8 luglio 2018 &#8211; Geoescursione al Monte Bivera","datePublished":"2018-07-02T10:54:48+00:00","dateModified":"2018-07-02T13:18:38+00:00","mainEntityOfPage":{"@id":"https:\/\/www.geoparcoalpicarniche.org\/it\/2018\/07\/02\/8-luglio-2018-geoescursione-al-monte-bivera\/"},"wordCount":197,"image":{"@id":"https:\/\/www.geoparcoalpicarniche.org\/it\/2018\/07\/02\/8-luglio-2018-geoescursione-al-monte-bivera\/#primaryimage"},"thumbnailUrl":"https:\/\/www.geoparcoalpicarniche.org\/wp-content\/uploads\/2018\/07\/IMG_8329-e1530528771813.jpg","articleSection":["Attivit\u00e0","Eventi","Geoescursioni","News dal geoparco"],"inLanguage":"it-IT"},{"@type":"WebPage","@id":"https:\/\/www.geoparcoalpicarniche.org\/it\/2018\/07\/02\/8-luglio-2018-geoescursione-al-monte-bivera\/","url":"https:\/\/www.geoparcoalpicarniche.org\/it\/2018\/07\/02\/8-luglio-2018-geoescursione-al-monte-bivera\/","name":"8 luglio 2018 - Geoescursione al Monte Bivera - Geoparco Alpi Carniche","isPartOf":{"@id":"https:\/\/www.geoparcoalpicarniche.org\/it\/#website"},"primaryImageOfPage":{"@id":"https:\/\/www.geoparcoalpicarniche.org\/it\/2018\/07\/02\/8-luglio-2018-geoescursione-al-monte-bivera\/#primaryimage"},"image":{"@id":"https:\/\/www.geoparcoalpicarniche.org\/it\/2018\/07\/02\/8-luglio-2018-geoescursione-al-monte-bivera\/#primaryimage"},"thumbnailUrl":"https:\/\/www.geoparcoalpicarniche.org\/wp-content\/uploads\/2018\/07\/IMG_8329-e1530528771813.jpg","datePublished":"2018-07-02T10:54:48+00:00","dateModified":"2018-07-02T13:18:38+00:00","author":{"@id":"https:\/\/www.geoparcoalpicarniche.org\/it\/#\/schema\/person\/792aecb9ddcd31b0cc00dad212b54d63"},"breadcrumb":{"@id":"https:\/\/www.geoparcoalpicarniche.org\/it\/2018\/07\/02\/8-luglio-2018-geoescursione-al-monte-bivera\/#breadcrumb"},"inLanguage":"it-IT","potentialAction":[{"@type":"ReadAction","target":["https:\/\/www.geoparcoalpicarniche.org\/it\/2018\/07\/02\/8-luglio-2018-geoescursione-al-monte-bivera\/"]}]},{"@type":"ImageObject","inLanguage":"it-IT","@id":"https:\/\/www.geoparcoalpicarniche.org\/it\/2018\/07\/02\/8-luglio-2018-geoescursione-al-monte-bivera\/#primaryimage","url":"https:\/\/www.geoparcoalpicarniche.org\/wp-content\/uploads\/2018\/07\/IMG_8329-e1530528771813.jpg","contentUrl":"https:\/\/www.geoparcoalpicarniche.org\/wp-content\/uploads\/2018\/07\/IMG_8329-e1530528771813.jpg","width":1920,"height":1280},{"@type":"BreadcrumbList","@id":"https:\/\/www.geoparcoalpicarniche.org\/it\/2018\/07\/02\/8-luglio-2018-geoescursione-al-monte-bivera\/#breadcrumb","itemListElement":[{"@type":"ListItem","position":1,"name":"Home","item":"https:\/\/www.geoparcoalpicarniche.org\/it\/"},{"@type":"ListItem","position":2,"name":"8 luglio 2018 &#8211; Geoescursione al Monte Bivera"}]},{"@type":"WebSite","@id":"https:\/\/www.geoparcoalpicarniche.org\/it\/#website","url":"https:\/\/www.geoparcoalpicarniche.org\/it\/","name":"Geoparco Alpi Carniche","description":"Custode del patrimonio geologico transfrontaliero","potentialAction":[{"@type":"SearchAction","target":{"@type":"EntryPoint","urlTemplate":"https:\/\/www.geoparcoalpicarniche.org\/it\/?s={search_term_string}"},"query-input":{"@type":"PropertyValueSpecification","valueRequired":true,"valueName":"search_term_string"}}],"inLanguage":"it-IT"},{"@type":"Person","@id":"https:\/\/www.geoparcoalpicarniche.org\/it\/#\/schema\/person\/792aecb9ddcd31b0cc00dad212b54d63","name":"Daniela De Prato","image":{"@type":"ImageObject","inLanguage":"it-IT","@id":"https:\/\/secure.gravatar.com\/avatar\/520e88177f085d0a607e4819e57b260a0541e8dc2c786fd187de50158ed6ccf5?s=96&d=mm&r=g","url":"https:\/\/secure.gravatar.com\/avatar\/520e88177f085d0a607e4819e57b260a0541e8dc2c786fd187de50158ed6ccf5?s=96&d=mm&r=g","contentUrl":"https:\/\/secure.gravatar.com\/avatar\/520e88177f085d0a607e4819e57b260a0541e8dc2c786fd187de50158ed6ccf5?s=96&d=mm&r=g","caption":"Daniela De Prato"}}]}},"_links":{"self":[{"href":"https:\/\/www.geoparcoalpicarniche.org\/it\/wp-json\/wp\/v2\/posts\/9160","targetHints":{"allow":["GET"]}}],"collection":[{"href":"https:\/\/www.geoparcoalpicarniche.org\/it\/wp-json\/wp\/v2\/posts"}],"about":[{"href":"https:\/\/www.geoparcoalpicarniche.org\/it\/wp-json\/wp\/v2\/types\/post"}],"author":[{"embeddable":true,"href":"https:\/\/www.geoparcoalpicarniche.org\/it\/wp-json\/wp\/v2\/users\/3"}],"replies":[{"embeddable":true,"href":"https:\/\/www.geoparcoalpicarniche.org\/it\/wp-json\/wp\/v2\/comments?post=9160"}],"version-history":[{"count":3,"href":"https:\/\/www.geoparcoalpicarniche.org\/it\/wp-json\/wp\/v2\/posts\/9160\/revisions"}],"predecessor-version":[{"id":9167,"href":"https:\/\/www.geoparcoalpicarniche.org\/it\/wp-json\/wp\/v2\/posts\/9160\/revisions\/9167"}],"wp:featuredmedia":[{"embeddable":true,"href":"https:\/\/www.geoparcoalpicarniche.org\/it\/wp-json\/wp\/v2\/media\/9161"}],"wp:attachment":[{"href":"https:\/\/www.geoparcoalpicarniche.org\/it\/wp-json\/wp\/v2\/media?parent=9160"}],"wp:term":[{"taxonomy":"category","embeddable":true,"href":"https:\/\/www.geoparcoalpicarniche.org\/it\/wp-json\/wp\/v2\/categories?post=9160"},{"taxonomy":"post_tag","embeddable":true,"href":"https:\/\/www.geoparcoalpicarniche.org\/it\/wp-json\/wp\/v2\/tags?post=9160"}],"curies":[{"name":"wp","href":"https:\/\/api.w.org\/{rel}","templated":true}]}}