{"id":13492,"date":"2023-06-22T16:19:35","date_gmt":"2023-06-22T14:19:35","guid":{"rendered":"https:\/\/www.geoparcoalpicarniche.org\/?p=13492"},"modified":"2023-06-22T16:23:14","modified_gmt":"2023-06-22T14:23:14","slug":"mostra-temporanea-il-caro-estinto-estinzione-laltra-faccia-dellevoluzione","status":"publish","type":"post","link":"https:\/\/www.geoparcoalpicarniche.org\/it\/2023\/06\/22\/mostra-temporanea-il-caro-estinto-estinzione-laltra-faccia-dellevoluzione\/","title":{"rendered":"Mostra IL CARO ESTINTO &#8211; estinzione, l&#8217;altra faccia dell&#8217;evoluzione &#8211; giugno\/settembre 2023"},"content":{"rendered":"<div class=\"\" dir=\"auto\">\n<div id=\":r6f:\" class=\"x1iorvi4 x1pi30zi x1l90r2v x1swvt13\" data-ad-comet-preview=\"message\" data-ad-preview=\"message\">\n<div class=\"x78zum5 xdt5ytf xz62fqu x16ldp7u\">\n<div class=\"xu06os2 x1ok221b\">\n<div class=\"xdj266r x11i5rnm xat24cr x1mh8g0r x1vvkbs x126k92a\">\n<div dir=\"auto\">Volevamo farvi riflettere sui meccanismi e le dinamiche che hanno portato all&#8217;estinzione specie apparentemente in grado di adattarsi ai cambiamenti, resistenti, evolute, se vogliamo, perch\u00e9 il tema \u00e8, lasciatelo dire, &#8220;di scottante attualit\u00e0&#8221;&#8230;<\/div>\n<div dir=\"auto\">Ed ecco che apre la mostra temporanea al Museo Geologico della Carnia, ad Ampezzo, IL CARO ESTINTO &#8211; ESTINZIONE, L&#8217;ALTRA FACCIA DELL&#8217;EVOLUZIONE! Visitabile dal 1\u00b0 giugno per tutta l&#8217;estate, negli orari indicati in locandina. Ingresso libero<\/div>\n<div dir=\"auto\"><a href=\"https:\/\/www.geoparcoalpicarniche.org\/wp-content\/uploads\/2023\/06\/caro-estinto-web.jpg\"><img loading=\"lazy\" decoding=\"async\" class=\"alignnone size-medium wp-image-13493\" src=\"https:\/\/www.geoparcoalpicarniche.org\/wp-content\/uploads\/2023\/06\/caro-estinto-web-216x300.jpg\" alt=\"\" width=\"216\" height=\"300\" srcset=\"https:\/\/www.geoparcoalpicarniche.org\/wp-content\/uploads\/2023\/06\/caro-estinto-web-216x300.jpg 216w, https:\/\/www.geoparcoalpicarniche.org\/wp-content\/uploads\/2023\/06\/caro-estinto-web-739x1024.jpg 739w, https:\/\/www.geoparcoalpicarniche.org\/wp-content\/uploads\/2023\/06\/caro-estinto-web-768x1064.jpg 768w, https:\/\/www.geoparcoalpicarniche.org\/wp-content\/uploads\/2023\/06\/caro-estinto-web-1108x1536.jpg 1108w, https:\/\/www.geoparcoalpicarniche.org\/wp-content\/uploads\/2023\/06\/caro-estinto-web-1478x2048.jpg 1478w\" sizes=\"auto, (max-width: 216px) 100vw, 216px\" \/><\/a><\/div>\n<\/div>\n<\/div>\n<\/div>\n<\/div>\n<\/div>\n","protected":false},"excerpt":{"rendered":"<p>Estate 2023: apre la mostra temporanea al Museo Geologico della Carnia, ad Ampezzo, IL CARO ESTINTO &#8211; ESTINZIONE, L&#8217;ALTRA FACCIA DELL&#8217;EVOLUZIONE! Visitabile dal 1\u00b0 giugno per tutta l&#8217;estate, negli orari indicati in locandina. Ingresso libero<\/p>\n","protected":false},"author":3,"featured_media":13493,"comment_status":"closed","ping_status":"closed","sticky":false,"template":"","format":"standard","meta":{"_acf_changed":false,"inline_featured_image":false,"ngg_post_thumbnail":0,"footnotes":""},"categories":[1,100],"tags":[],"class_list":{"0":"post-13492","1":"post","2":"type-post","3":"status-publish","4":"format-standard","5":"has-post-thumbnail","7":"category-news","8":"category-news-dal-geoparco","9":"clearfix","10":"article"},"acf":[],"yoast_head":"<!-- This site is optimized with the Yoast SEO plugin v27.5 - https:\/\/yoast.com\/product\/yoast-seo-wordpress\/ -->\n<title>Mostra IL CARO ESTINTO - estinzione, l&#039;altra faccia dell&#039;evoluzione - giugno\/settembre 2023 - Geoparco Alpi Carniche<\/title>\n<meta name=\"robots\" content=\"index, follow, max-snippet:-1, max-image-preview:large, max-video-preview:-1\" \/>\n<link rel=\"canonical\" href=\"https:\/\/www.geoparcoalpicarniche.org\/it\/2023\/06\/22\/mostra-temporanea-il-caro-estinto-estinzione-laltra-faccia-dellevoluzione\/\" \/>\n<meta property=\"og:locale\" content=\"it_IT\" \/>\n<meta property=\"og:type\" content=\"article\" \/>\n<meta property=\"og:title\" content=\"Mostra IL CARO ESTINTO - estinzione, l&#039;altra faccia dell&#039;evoluzione - giugno\/settembre 2023 - Geoparco Alpi Carniche\" \/>\n<meta property=\"og:description\" content=\"Estate 2023: apre la mostra temporanea al Museo Geologico della Carnia, ad Ampezzo, IL CARO ESTINTO - ESTINZIONE, L&#039;ALTRA FACCIA DELL&#039;EVOLUZIONE! Visitabile dal 1\u00b0 giugno per tutta l&#039;estate, negli orari indicati in locandina. Ingresso libero\" \/>\n<meta property=\"og:url\" content=\"https:\/\/www.geoparcoalpicarniche.org\/it\/2023\/06\/22\/mostra-temporanea-il-caro-estinto-estinzione-laltra-faccia-dellevoluzione\/\" \/>\n<meta property=\"og:site_name\" content=\"Geoparco Alpi Carniche\" \/>\n<meta property=\"article:published_time\" content=\"2023-06-22T14:19:35+00:00\" \/>\n<meta property=\"article:modified_time\" content=\"2023-06-22T14:23:14+00:00\" \/>\n<meta property=\"og:image\" content=\"https:\/\/www.geoparcoalpicarniche.org\/wp-content\/uploads\/2023\/06\/caro-estinto-web.jpg\" \/>\n\t<meta property=\"og:image:width\" content=\"3976\" \/>\n\t<meta property=\"og:image:height\" content=\"5511\" \/>\n\t<meta property=\"og:image:type\" content=\"image\/jpeg\" \/>\n<meta name=\"author\" content=\"Daniela De Prato\" \/>\n<meta name=\"twitter:card\" content=\"summary_large_image\" \/>\n<meta name=\"twitter:label1\" content=\"Scritto da\" \/>\n\t<meta name=\"twitter:data1\" content=\"Daniela De Prato\" \/>\n\t<meta name=\"twitter:label2\" content=\"Tempo di lettura stimato\" \/>\n\t<meta name=\"twitter:data2\" content=\"1 minuto\" \/>\n<script type=\"application\/ld+json\" class=\"yoast-schema-graph\">{\"@context\":\"https:\\\/\\\/schema.org\",\"@graph\":[{\"@type\":\"Article\",\"@id\":\"https:\\\/\\\/www.geoparcoalpicarniche.org\\\/it\\\/2023\\\/06\\\/22\\\/mostra-temporanea-il-caro-estinto-estinzione-laltra-faccia-dellevoluzione\\\/#article\",\"isPartOf\":{\"@id\":\"https:\\\/\\\/www.geoparcoalpicarniche.org\\\/it\\\/2023\\\/06\\\/22\\\/mostra-temporanea-il-caro-estinto-estinzione-laltra-faccia-dellevoluzione\\\/\"},\"author\":{\"name\":\"Daniela De Prato\",\"@id\":\"https:\\\/\\\/www.geoparcoalpicarniche.org\\\/it\\\/#\\\/schema\\\/person\\\/792aecb9ddcd31b0cc00dad212b54d63\"},\"headline\":\"Mostra IL CARO ESTINTO &#8211; estinzione, l&#8217;altra faccia dell&#8217;evoluzione &#8211; giugno\\\/settembre 2023\",\"datePublished\":\"2023-06-22T14:19:35+00:00\",\"dateModified\":\"2023-06-22T14:23:14+00:00\",\"mainEntityOfPage\":{\"@id\":\"https:\\\/\\\/www.geoparcoalpicarniche.org\\\/it\\\/2023\\\/06\\\/22\\\/mostra-temporanea-il-caro-estinto-estinzione-laltra-faccia-dellevoluzione\\\/\"},\"wordCount\":85,\"image\":{\"@id\":\"https:\\\/\\\/www.geoparcoalpicarniche.org\\\/it\\\/2023\\\/06\\\/22\\\/mostra-temporanea-il-caro-estinto-estinzione-laltra-faccia-dellevoluzione\\\/#primaryimage\"},\"thumbnailUrl\":\"https:\\\/\\\/www.geoparcoalpicarniche.org\\\/wp-content\\\/uploads\\\/2023\\\/06\\\/caro-estinto-web.jpg\",\"articleSection\":[\"News\",\"News dal geoparco\"],\"inLanguage\":\"it-IT\"},{\"@type\":\"WebPage\",\"@id\":\"https:\\\/\\\/www.geoparcoalpicarniche.org\\\/it\\\/2023\\\/06\\\/22\\\/mostra-temporanea-il-caro-estinto-estinzione-laltra-faccia-dellevoluzione\\\/\",\"url\":\"https:\\\/\\\/www.geoparcoalpicarniche.org\\\/it\\\/2023\\\/06\\\/22\\\/mostra-temporanea-il-caro-estinto-estinzione-laltra-faccia-dellevoluzione\\\/\",\"name\":\"Mostra IL CARO ESTINTO - estinzione, l'altra faccia dell'evoluzione - giugno\\\/settembre 2023 - Geoparco Alpi Carniche\",\"isPartOf\":{\"@id\":\"https:\\\/\\\/www.geoparcoalpicarniche.org\\\/it\\\/#website\"},\"primaryImageOfPage\":{\"@id\":\"https:\\\/\\\/www.geoparcoalpicarniche.org\\\/it\\\/2023\\\/06\\\/22\\\/mostra-temporanea-il-caro-estinto-estinzione-laltra-faccia-dellevoluzione\\\/#primaryimage\"},\"image\":{\"@id\":\"https:\\\/\\\/www.geoparcoalpicarniche.org\\\/it\\\/2023\\\/06\\\/22\\\/mostra-temporanea-il-caro-estinto-estinzione-laltra-faccia-dellevoluzione\\\/#primaryimage\"},\"thumbnailUrl\":\"https:\\\/\\\/www.geoparcoalpicarniche.org\\\/wp-content\\\/uploads\\\/2023\\\/06\\\/caro-estinto-web.jpg\",\"datePublished\":\"2023-06-22T14:19:35+00:00\",\"dateModified\":\"2023-06-22T14:23:14+00:00\",\"author\":{\"@id\":\"https:\\\/\\\/www.geoparcoalpicarniche.org\\\/it\\\/#\\\/schema\\\/person\\\/792aecb9ddcd31b0cc00dad212b54d63\"},\"breadcrumb\":{\"@id\":\"https:\\\/\\\/www.geoparcoalpicarniche.org\\\/it\\\/2023\\\/06\\\/22\\\/mostra-temporanea-il-caro-estinto-estinzione-laltra-faccia-dellevoluzione\\\/#breadcrumb\"},\"inLanguage\":\"it-IT\",\"potentialAction\":[{\"@type\":\"ReadAction\",\"target\":[\"https:\\\/\\\/www.geoparcoalpicarniche.org\\\/it\\\/2023\\\/06\\\/22\\\/mostra-temporanea-il-caro-estinto-estinzione-laltra-faccia-dellevoluzione\\\/\"]}]},{\"@type\":\"ImageObject\",\"inLanguage\":\"it-IT\",\"@id\":\"https:\\\/\\\/www.geoparcoalpicarniche.org\\\/it\\\/2023\\\/06\\\/22\\\/mostra-temporanea-il-caro-estinto-estinzione-laltra-faccia-dellevoluzione\\\/#primaryimage\",\"url\":\"https:\\\/\\\/www.geoparcoalpicarniche.org\\\/wp-content\\\/uploads\\\/2023\\\/06\\\/caro-estinto-web.jpg\",\"contentUrl\":\"https:\\\/\\\/www.geoparcoalpicarniche.org\\\/wp-content\\\/uploads\\\/2023\\\/06\\\/caro-estinto-web.jpg\",\"width\":3976,\"height\":5511},{\"@type\":\"BreadcrumbList\",\"@id\":\"https:\\\/\\\/www.geoparcoalpicarniche.org\\\/it\\\/2023\\\/06\\\/22\\\/mostra-temporanea-il-caro-estinto-estinzione-laltra-faccia-dellevoluzione\\\/#breadcrumb\",\"itemListElement\":[{\"@type\":\"ListItem\",\"position\":1,\"name\":\"Home\",\"item\":\"https:\\\/\\\/www.geoparcoalpicarniche.org\\\/it\\\/\"},{\"@type\":\"ListItem\",\"position\":2,\"name\":\"Mostra IL CARO ESTINTO &#8211; estinzione, l&#8217;altra faccia dell&#8217;evoluzione &#8211; giugno\\\/settembre 2023\"}]},{\"@type\":\"WebSite\",\"@id\":\"https:\\\/\\\/www.geoparcoalpicarniche.org\\\/it\\\/#website\",\"url\":\"https:\\\/\\\/www.geoparcoalpicarniche.org\\\/it\\\/\",\"name\":\"Geoparco Alpi Carniche\",\"description\":\"Custode del patrimonio geologico transfrontaliero\",\"potentialAction\":[{\"@type\":\"SearchAction\",\"target\":{\"@type\":\"EntryPoint\",\"urlTemplate\":\"https:\\\/\\\/www.geoparcoalpicarniche.org\\\/it\\\/?s={search_term_string}\"},\"query-input\":{\"@type\":\"PropertyValueSpecification\",\"valueRequired\":true,\"valueName\":\"search_term_string\"}}],\"inLanguage\":\"it-IT\"},{\"@type\":\"Person\",\"@id\":\"https:\\\/\\\/www.geoparcoalpicarniche.org\\\/it\\\/#\\\/schema\\\/person\\\/792aecb9ddcd31b0cc00dad212b54d63\",\"name\":\"Daniela De Prato\",\"image\":{\"@type\":\"ImageObject\",\"inLanguage\":\"it-IT\",\"@id\":\"https:\\\/\\\/secure.gravatar.com\\\/avatar\\\/520e88177f085d0a607e4819e57b260a0541e8dc2c786fd187de50158ed6ccf5?s=96&d=mm&r=g\",\"url\":\"https:\\\/\\\/secure.gravatar.com\\\/avatar\\\/520e88177f085d0a607e4819e57b260a0541e8dc2c786fd187de50158ed6ccf5?s=96&d=mm&r=g\",\"contentUrl\":\"https:\\\/\\\/secure.gravatar.com\\\/avatar\\\/520e88177f085d0a607e4819e57b260a0541e8dc2c786fd187de50158ed6ccf5?s=96&d=mm&r=g\",\"caption\":\"Daniela De Prato\"}}]}<\/script>\n<!-- \/ Yoast SEO plugin. -->","yoast_head_json":{"title":"Mostra IL CARO ESTINTO - estinzione, l'altra faccia dell'evoluzione - giugno\/settembre 2023 - Geoparco Alpi Carniche","robots":{"index":"index","follow":"follow","max-snippet":"max-snippet:-1","max-image-preview":"max-image-preview:large","max-video-preview":"max-video-preview:-1"},"canonical":"https:\/\/www.geoparcoalpicarniche.org\/it\/2023\/06\/22\/mostra-temporanea-il-caro-estinto-estinzione-laltra-faccia-dellevoluzione\/","og_locale":"it_IT","og_type":"article","og_title":"Mostra IL CARO ESTINTO - estinzione, l'altra faccia dell'evoluzione - giugno\/settembre 2023 - Geoparco Alpi Carniche","og_description":"Estate 2023: apre la mostra temporanea al Museo Geologico della Carnia, ad Ampezzo, IL CARO ESTINTO - ESTINZIONE, L'ALTRA FACCIA DELL'EVOLUZIONE! Visitabile dal 1\u00b0 giugno per tutta l'estate, negli orari indicati in locandina. Ingresso libero","og_url":"https:\/\/www.geoparcoalpicarniche.org\/it\/2023\/06\/22\/mostra-temporanea-il-caro-estinto-estinzione-laltra-faccia-dellevoluzione\/","og_site_name":"Geoparco Alpi Carniche","article_published_time":"2023-06-22T14:19:35+00:00","article_modified_time":"2023-06-22T14:23:14+00:00","og_image":[{"width":3976,"height":5511,"url":"https:\/\/www.geoparcoalpicarniche.org\/wp-content\/uploads\/2023\/06\/caro-estinto-web.jpg","type":"image\/jpeg"}],"author":"Daniela De Prato","twitter_card":"summary_large_image","twitter_misc":{"Scritto da":"Daniela De Prato","Tempo di lettura stimato":"1 minuto"},"schema":{"@context":"https:\/\/schema.org","@graph":[{"@type":"Article","@id":"https:\/\/www.geoparcoalpicarniche.org\/it\/2023\/06\/22\/mostra-temporanea-il-caro-estinto-estinzione-laltra-faccia-dellevoluzione\/#article","isPartOf":{"@id":"https:\/\/www.geoparcoalpicarniche.org\/it\/2023\/06\/22\/mostra-temporanea-il-caro-estinto-estinzione-laltra-faccia-dellevoluzione\/"},"author":{"name":"Daniela De Prato","@id":"https:\/\/www.geoparcoalpicarniche.org\/it\/#\/schema\/person\/792aecb9ddcd31b0cc00dad212b54d63"},"headline":"Mostra IL CARO ESTINTO &#8211; estinzione, l&#8217;altra faccia dell&#8217;evoluzione &#8211; giugno\/settembre 2023","datePublished":"2023-06-22T14:19:35+00:00","dateModified":"2023-06-22T14:23:14+00:00","mainEntityOfPage":{"@id":"https:\/\/www.geoparcoalpicarniche.org\/it\/2023\/06\/22\/mostra-temporanea-il-caro-estinto-estinzione-laltra-faccia-dellevoluzione\/"},"wordCount":85,"image":{"@id":"https:\/\/www.geoparcoalpicarniche.org\/it\/2023\/06\/22\/mostra-temporanea-il-caro-estinto-estinzione-laltra-faccia-dellevoluzione\/#primaryimage"},"thumbnailUrl":"https:\/\/www.geoparcoalpicarniche.org\/wp-content\/uploads\/2023\/06\/caro-estinto-web.jpg","articleSection":["News","News dal geoparco"],"inLanguage":"it-IT"},{"@type":"WebPage","@id":"https:\/\/www.geoparcoalpicarniche.org\/it\/2023\/06\/22\/mostra-temporanea-il-caro-estinto-estinzione-laltra-faccia-dellevoluzione\/","url":"https:\/\/www.geoparcoalpicarniche.org\/it\/2023\/06\/22\/mostra-temporanea-il-caro-estinto-estinzione-laltra-faccia-dellevoluzione\/","name":"Mostra IL CARO ESTINTO - estinzione, l'altra faccia dell'evoluzione - giugno\/settembre 2023 - Geoparco Alpi Carniche","isPartOf":{"@id":"https:\/\/www.geoparcoalpicarniche.org\/it\/#website"},"primaryImageOfPage":{"@id":"https:\/\/www.geoparcoalpicarniche.org\/it\/2023\/06\/22\/mostra-temporanea-il-caro-estinto-estinzione-laltra-faccia-dellevoluzione\/#primaryimage"},"image":{"@id":"https:\/\/www.geoparcoalpicarniche.org\/it\/2023\/06\/22\/mostra-temporanea-il-caro-estinto-estinzione-laltra-faccia-dellevoluzione\/#primaryimage"},"thumbnailUrl":"https:\/\/www.geoparcoalpicarniche.org\/wp-content\/uploads\/2023\/06\/caro-estinto-web.jpg","datePublished":"2023-06-22T14:19:35+00:00","dateModified":"2023-06-22T14:23:14+00:00","author":{"@id":"https:\/\/www.geoparcoalpicarniche.org\/it\/#\/schema\/person\/792aecb9ddcd31b0cc00dad212b54d63"},"breadcrumb":{"@id":"https:\/\/www.geoparcoalpicarniche.org\/it\/2023\/06\/22\/mostra-temporanea-il-caro-estinto-estinzione-laltra-faccia-dellevoluzione\/#breadcrumb"},"inLanguage":"it-IT","potentialAction":[{"@type":"ReadAction","target":["https:\/\/www.geoparcoalpicarniche.org\/it\/2023\/06\/22\/mostra-temporanea-il-caro-estinto-estinzione-laltra-faccia-dellevoluzione\/"]}]},{"@type":"ImageObject","inLanguage":"it-IT","@id":"https:\/\/www.geoparcoalpicarniche.org\/it\/2023\/06\/22\/mostra-temporanea-il-caro-estinto-estinzione-laltra-faccia-dellevoluzione\/#primaryimage","url":"https:\/\/www.geoparcoalpicarniche.org\/wp-content\/uploads\/2023\/06\/caro-estinto-web.jpg","contentUrl":"https:\/\/www.geoparcoalpicarniche.org\/wp-content\/uploads\/2023\/06\/caro-estinto-web.jpg","width":3976,"height":5511},{"@type":"BreadcrumbList","@id":"https:\/\/www.geoparcoalpicarniche.org\/it\/2023\/06\/22\/mostra-temporanea-il-caro-estinto-estinzione-laltra-faccia-dellevoluzione\/#breadcrumb","itemListElement":[{"@type":"ListItem","position":1,"name":"Home","item":"https:\/\/www.geoparcoalpicarniche.org\/it\/"},{"@type":"ListItem","position":2,"name":"Mostra IL CARO ESTINTO &#8211; estinzione, l&#8217;altra faccia dell&#8217;evoluzione &#8211; giugno\/settembre 2023"}]},{"@type":"WebSite","@id":"https:\/\/www.geoparcoalpicarniche.org\/it\/#website","url":"https:\/\/www.geoparcoalpicarniche.org\/it\/","name":"Geoparco Alpi Carniche","description":"Custode del patrimonio geologico transfrontaliero","potentialAction":[{"@type":"SearchAction","target":{"@type":"EntryPoint","urlTemplate":"https:\/\/www.geoparcoalpicarniche.org\/it\/?s={search_term_string}"},"query-input":{"@type":"PropertyValueSpecification","valueRequired":true,"valueName":"search_term_string"}}],"inLanguage":"it-IT"},{"@type":"Person","@id":"https:\/\/www.geoparcoalpicarniche.org\/it\/#\/schema\/person\/792aecb9ddcd31b0cc00dad212b54d63","name":"Daniela De Prato","image":{"@type":"ImageObject","inLanguage":"it-IT","@id":"https:\/\/secure.gravatar.com\/avatar\/520e88177f085d0a607e4819e57b260a0541e8dc2c786fd187de50158ed6ccf5?s=96&d=mm&r=g","url":"https:\/\/secure.gravatar.com\/avatar\/520e88177f085d0a607e4819e57b260a0541e8dc2c786fd187de50158ed6ccf5?s=96&d=mm&r=g","contentUrl":"https:\/\/secure.gravatar.com\/avatar\/520e88177f085d0a607e4819e57b260a0541e8dc2c786fd187de50158ed6ccf5?s=96&d=mm&r=g","caption":"Daniela De Prato"}}]}},"_links":{"self":[{"href":"https:\/\/www.geoparcoalpicarniche.org\/it\/wp-json\/wp\/v2\/posts\/13492","targetHints":{"allow":["GET"]}}],"collection":[{"href":"https:\/\/www.geoparcoalpicarniche.org\/it\/wp-json\/wp\/v2\/posts"}],"about":[{"href":"https:\/\/www.geoparcoalpicarniche.org\/it\/wp-json\/wp\/v2\/types\/post"}],"author":[{"embeddable":true,"href":"https:\/\/www.geoparcoalpicarniche.org\/it\/wp-json\/wp\/v2\/users\/3"}],"replies":[{"embeddable":true,"href":"https:\/\/www.geoparcoalpicarniche.org\/it\/wp-json\/wp\/v2\/comments?post=13492"}],"version-history":[{"count":4,"href":"https:\/\/www.geoparcoalpicarniche.org\/it\/wp-json\/wp\/v2\/posts\/13492\/revisions"}],"predecessor-version":[{"id":13499,"href":"https:\/\/www.geoparcoalpicarniche.org\/it\/wp-json\/wp\/v2\/posts\/13492\/revisions\/13499"}],"wp:featuredmedia":[{"embeddable":true,"href":"https:\/\/www.geoparcoalpicarniche.org\/it\/wp-json\/wp\/v2\/media\/13493"}],"wp:attachment":[{"href":"https:\/\/www.geoparcoalpicarniche.org\/it\/wp-json\/wp\/v2\/media?parent=13492"}],"wp:term":[{"taxonomy":"category","embeddable":true,"href":"https:\/\/www.geoparcoalpicarniche.org\/it\/wp-json\/wp\/v2\/categories?post=13492"},{"taxonomy":"post_tag","embeddable":true,"href":"https:\/\/www.geoparcoalpicarniche.org\/it\/wp-json\/wp\/v2\/tags?post=13492"}],"curies":[{"name":"wp","href":"https:\/\/api.w.org\/{rel}","templated":true}]}}