{"id":11038,"date":"2020-02-06T11:10:20","date_gmt":"2020-02-06T10:10:20","guid":{"rendered":"https:\/\/www.geoparcoalpicarniche.org\/?p=11038"},"modified":"2020-02-06T11:14:04","modified_gmt":"2020-02-06T10:14:04","slug":"apre-la-mostra-pesci-fossili-dai-monti-friulani-tolmezzo-14-02-2020-ore-18","status":"publish","type":"post","link":"https:\/\/www.geoparcoalpicarniche.org\/it\/2020\/02\/06\/apre-la-mostra-pesci-fossili-dai-monti-friulani-tolmezzo-14-02-2020-ore-18\/","title":{"rendered":"Apre la mostra &#8220;Pesci fossili dai monti friulani&#8221; &#8211; Tolmezzo, 14.02.2020 ore 18"},"content":{"rendered":"<p>Ben pi\u00f9 della met\u00e0 dell&#8217;intero settore alpino friulano \u00e8 costituito da rocce risalenti al Triassico, il periodo geologico che va da circa 250 a 200 milioni di anni fa. Pochi sanno che qui le testimonianze sono tali e cos\u00ec preziose, che una porzione di questo periodo \u00e8 chiamata &#8211; a livello mondiale &#8211; &#8220;Carnico&#8221;!<\/p>\n<p>In Carnia, in particolare nella Val Tagliamento, vi sono importanti siti fossiliferi, dove sono state ritrovate Ammoniti, fondamentali per lo studio della stratigrafia a livello mondiale, e, ancor di pi\u00f9, i siti a vertebrati del Triassico, come il geosito &#8211; non a caso classificato &#8220;geosito di interesse sovranazionale&#8221; di Preone. Qui \u00e8 stato ritrovato, tra gli altri, il pi\u00f9 antico rettile volante, lo pterosauro &#8220;Preondactylus Buffarinii&#8221;!<\/p>\n<p>Ma il nostro territorio ha una lunga storia di ambiente marino, e infatti le faune a pesci sono ricchissime e variegate: cos\u00ec variegate che il Geoparco vi ha dedicato una mostra, che, dopo avere raccolto fama e gloria ai Civici Musei di Udine, aprir\u00e0 il <strong>14 febbraio prossimo alle ore 18, presso Palazzo Frisacco a Tolmezzo: PESCI FOSSILI DAI MONTI FRIULANI<\/strong>.<\/p>\n<p>Presenteranno la mostra Giuseppe Muscio, direttore del Museo Friulano di Storia Naturale di Udine e responsabile scientifico del Geoparco, e il prof. Andrea Tintori, uno dei massimi studiosi a livello mondiale di faune fossili triassiche.<\/p>\n<p><strong>La mostra, ad ingresso gratuito, rimarr\u00e0 aperta fino al 13 aprile 2020 con i seguenti orari:<\/strong><br \/>\n<strong>da luned\u00ec a sabato 10.30-12.30 \/ 15-17.30<\/strong><br \/>\n<strong>domenica 14-18<\/strong><br \/>\n<strong>chiuso il marted\u00ec<\/strong><\/p>\n<p>Sono attivi e prenotabili<strong> laboratori didattici<\/strong> per scolaresche.<\/p>\n<p>Per info:<br \/>\nGeoparco delle Alpi Carniche<br \/>\nUTI della Carnia<br \/>\nTel. 0433 487779 &#8211; 487726<br \/>\nEmail info@geoparcoalpicarniche.org<\/p>\n<p><a href=\"https:\/\/www.geoparcoalpicarniche.org\/wp-content\/uploads\/2020\/02\/pesci-fossili_web.jpg\"><img loading=\"lazy\" decoding=\"async\" class=\"alignnone size-large wp-image-11042\" src=\"https:\/\/www.geoparcoalpicarniche.org\/wp-content\/uploads\/2020\/02\/pesci-fossili_web-661x1024.jpg\" alt=\"\" width=\"661\" height=\"1024\" srcset=\"https:\/\/www.geoparcoalpicarniche.org\/wp-content\/uploads\/2020\/02\/pesci-fossili_web-661x1024.jpg 661w, https:\/\/www.geoparcoalpicarniche.org\/wp-content\/uploads\/2020\/02\/pesci-fossili_web-194x300.jpg 194w, https:\/\/www.geoparcoalpicarniche.org\/wp-content\/uploads\/2020\/02\/pesci-fossili_web-768x1191.jpg 768w, https:\/\/www.geoparcoalpicarniche.org\/wp-content\/uploads\/2020\/02\/pesci-fossili_web.jpg 876w\" sizes=\"auto, (max-width: 661px) 100vw, 661px\" \/><\/a><\/p>\n","protected":false},"excerpt":{"rendered":"<p>Apre il 14 febbraio prossimo alle ore 18, presso Palazzo Frisacco a Tolmezzo: PESCI FOSSILI DAI MONTI FRIULANI<\/p>\n","protected":false},"author":3,"featured_media":11042,"comment_status":"closed","ping_status":"closed","sticky":false,"template":"","format":"standard","meta":{"_acf_changed":false,"inline_featured_image":false,"ngg_post_thumbnail":0,"footnotes":""},"categories":[1],"tags":[],"class_list":{"0":"post-11038","1":"post","2":"type-post","3":"status-publish","4":"format-standard","5":"has-post-thumbnail","7":"category-news","8":"clearfix","9":"article"},"acf":[],"yoast_head":"<!-- This site is optimized with the Yoast SEO plugin v27.5 - https:\/\/yoast.com\/product\/yoast-seo-wordpress\/ -->\n<title>Apre la mostra &quot;Pesci fossili dai monti friulani&quot; - Tolmezzo, 14.02.2020 ore 18 - Geoparco Alpi Carniche<\/title>\n<meta name=\"robots\" content=\"index, follow, max-snippet:-1, max-image-preview:large, max-video-preview:-1\" \/>\n<link rel=\"canonical\" href=\"https:\/\/www.geoparcoalpicarniche.org\/it\/2020\/02\/06\/apre-la-mostra-pesci-fossili-dai-monti-friulani-tolmezzo-14-02-2020-ore-18\/\" \/>\n<meta property=\"og:locale\" content=\"it_IT\" \/>\n<meta property=\"og:type\" content=\"article\" \/>\n<meta property=\"og:title\" content=\"Apre la mostra &quot;Pesci fossili dai monti friulani&quot; - Tolmezzo, 14.02.2020 ore 18 - Geoparco Alpi Carniche\" \/>\n<meta property=\"og:description\" content=\"Apre il 14 febbraio prossimo alle ore 18, presso Palazzo Frisacco a Tolmezzo: PESCI FOSSILI DAI MONTI FRIULANI\" \/>\n<meta property=\"og:url\" content=\"https:\/\/www.geoparcoalpicarniche.org\/it\/2020\/02\/06\/apre-la-mostra-pesci-fossili-dai-monti-friulani-tolmezzo-14-02-2020-ore-18\/\" \/>\n<meta property=\"og:site_name\" content=\"Geoparco Alpi Carniche\" \/>\n<meta property=\"article:published_time\" content=\"2020-02-06T10:10:20+00:00\" \/>\n<meta property=\"article:modified_time\" content=\"2020-02-06T10:14:04+00:00\" \/>\n<meta property=\"og:image\" content=\"https:\/\/www.geoparcoalpicarniche.org\/wp-content\/uploads\/2020\/02\/pesci-fossili_web.jpg\" \/>\n\t<meta property=\"og:image:width\" content=\"876\" \/>\n\t<meta property=\"og:image:height\" content=\"1358\" \/>\n\t<meta property=\"og:image:type\" content=\"image\/jpeg\" \/>\n<meta name=\"author\" content=\"Daniela De Prato\" \/>\n<meta name=\"twitter:card\" content=\"summary_large_image\" \/>\n<meta name=\"twitter:label1\" content=\"Scritto da\" \/>\n\t<meta name=\"twitter:data1\" content=\"Daniela De Prato\" \/>\n\t<meta name=\"twitter:label2\" content=\"Tempo di lettura stimato\" \/>\n\t<meta name=\"twitter:data2\" content=\"1 minuto\" \/>\n<script type=\"application\/ld+json\" class=\"yoast-schema-graph\">{\"@context\":\"https:\\\/\\\/schema.org\",\"@graph\":[{\"@type\":\"Article\",\"@id\":\"https:\\\/\\\/www.geoparcoalpicarniche.org\\\/it\\\/2020\\\/02\\\/06\\\/apre-la-mostra-pesci-fossili-dai-monti-friulani-tolmezzo-14-02-2020-ore-18\\\/#article\",\"isPartOf\":{\"@id\":\"https:\\\/\\\/www.geoparcoalpicarniche.org\\\/it\\\/2020\\\/02\\\/06\\\/apre-la-mostra-pesci-fossili-dai-monti-friulani-tolmezzo-14-02-2020-ore-18\\\/\"},\"author\":{\"name\":\"Daniela De Prato\",\"@id\":\"https:\\\/\\\/www.geoparcoalpicarniche.org\\\/it\\\/#\\\/schema\\\/person\\\/792aecb9ddcd31b0cc00dad212b54d63\"},\"headline\":\"Apre la mostra &#8220;Pesci fossili dai monti friulani&#8221; &#8211; Tolmezzo, 14.02.2020 ore 18\",\"datePublished\":\"2020-02-06T10:10:20+00:00\",\"dateModified\":\"2020-02-06T10:14:04+00:00\",\"mainEntityOfPage\":{\"@id\":\"https:\\\/\\\/www.geoparcoalpicarniche.org\\\/it\\\/2020\\\/02\\\/06\\\/apre-la-mostra-pesci-fossili-dai-monti-friulani-tolmezzo-14-02-2020-ore-18\\\/\"},\"wordCount\":269,\"image\":{\"@id\":\"https:\\\/\\\/www.geoparcoalpicarniche.org\\\/it\\\/2020\\\/02\\\/06\\\/apre-la-mostra-pesci-fossili-dai-monti-friulani-tolmezzo-14-02-2020-ore-18\\\/#primaryimage\"},\"thumbnailUrl\":\"https:\\\/\\\/www.geoparcoalpicarniche.org\\\/wp-content\\\/uploads\\\/2020\\\/02\\\/pesci-fossili_web.jpg\",\"articleSection\":[\"News\"],\"inLanguage\":\"it-IT\"},{\"@type\":\"WebPage\",\"@id\":\"https:\\\/\\\/www.geoparcoalpicarniche.org\\\/it\\\/2020\\\/02\\\/06\\\/apre-la-mostra-pesci-fossili-dai-monti-friulani-tolmezzo-14-02-2020-ore-18\\\/\",\"url\":\"https:\\\/\\\/www.geoparcoalpicarniche.org\\\/it\\\/2020\\\/02\\\/06\\\/apre-la-mostra-pesci-fossili-dai-monti-friulani-tolmezzo-14-02-2020-ore-18\\\/\",\"name\":\"Apre la mostra \\\"Pesci fossili dai monti friulani\\\" - Tolmezzo, 14.02.2020 ore 18 - Geoparco Alpi Carniche\",\"isPartOf\":{\"@id\":\"https:\\\/\\\/www.geoparcoalpicarniche.org\\\/it\\\/#website\"},\"primaryImageOfPage\":{\"@id\":\"https:\\\/\\\/www.geoparcoalpicarniche.org\\\/it\\\/2020\\\/02\\\/06\\\/apre-la-mostra-pesci-fossili-dai-monti-friulani-tolmezzo-14-02-2020-ore-18\\\/#primaryimage\"},\"image\":{\"@id\":\"https:\\\/\\\/www.geoparcoalpicarniche.org\\\/it\\\/2020\\\/02\\\/06\\\/apre-la-mostra-pesci-fossili-dai-monti-friulani-tolmezzo-14-02-2020-ore-18\\\/#primaryimage\"},\"thumbnailUrl\":\"https:\\\/\\\/www.geoparcoalpicarniche.org\\\/wp-content\\\/uploads\\\/2020\\\/02\\\/pesci-fossili_web.jpg\",\"datePublished\":\"2020-02-06T10:10:20+00:00\",\"dateModified\":\"2020-02-06T10:14:04+00:00\",\"author\":{\"@id\":\"https:\\\/\\\/www.geoparcoalpicarniche.org\\\/it\\\/#\\\/schema\\\/person\\\/792aecb9ddcd31b0cc00dad212b54d63\"},\"breadcrumb\":{\"@id\":\"https:\\\/\\\/www.geoparcoalpicarniche.org\\\/it\\\/2020\\\/02\\\/06\\\/apre-la-mostra-pesci-fossili-dai-monti-friulani-tolmezzo-14-02-2020-ore-18\\\/#breadcrumb\"},\"inLanguage\":\"it-IT\",\"potentialAction\":[{\"@type\":\"ReadAction\",\"target\":[\"https:\\\/\\\/www.geoparcoalpicarniche.org\\\/it\\\/2020\\\/02\\\/06\\\/apre-la-mostra-pesci-fossili-dai-monti-friulani-tolmezzo-14-02-2020-ore-18\\\/\"]}]},{\"@type\":\"ImageObject\",\"inLanguage\":\"it-IT\",\"@id\":\"https:\\\/\\\/www.geoparcoalpicarniche.org\\\/it\\\/2020\\\/02\\\/06\\\/apre-la-mostra-pesci-fossili-dai-monti-friulani-tolmezzo-14-02-2020-ore-18\\\/#primaryimage\",\"url\":\"https:\\\/\\\/www.geoparcoalpicarniche.org\\\/wp-content\\\/uploads\\\/2020\\\/02\\\/pesci-fossili_web.jpg\",\"contentUrl\":\"https:\\\/\\\/www.geoparcoalpicarniche.org\\\/wp-content\\\/uploads\\\/2020\\\/02\\\/pesci-fossili_web.jpg\",\"width\":876,\"height\":1358},{\"@type\":\"BreadcrumbList\",\"@id\":\"https:\\\/\\\/www.geoparcoalpicarniche.org\\\/it\\\/2020\\\/02\\\/06\\\/apre-la-mostra-pesci-fossili-dai-monti-friulani-tolmezzo-14-02-2020-ore-18\\\/#breadcrumb\",\"itemListElement\":[{\"@type\":\"ListItem\",\"position\":1,\"name\":\"Home\",\"item\":\"https:\\\/\\\/www.geoparcoalpicarniche.org\\\/it\\\/\"},{\"@type\":\"ListItem\",\"position\":2,\"name\":\"Apre la mostra &#8220;Pesci fossili dai monti friulani&#8221; &#8211; Tolmezzo, 14.02.2020 ore 18\"}]},{\"@type\":\"WebSite\",\"@id\":\"https:\\\/\\\/www.geoparcoalpicarniche.org\\\/it\\\/#website\",\"url\":\"https:\\\/\\\/www.geoparcoalpicarniche.org\\\/it\\\/\",\"name\":\"Geoparco Alpi Carniche\",\"description\":\"Custode del patrimonio geologico transfrontaliero\",\"potentialAction\":[{\"@type\":\"SearchAction\",\"target\":{\"@type\":\"EntryPoint\",\"urlTemplate\":\"https:\\\/\\\/www.geoparcoalpicarniche.org\\\/it\\\/?s={search_term_string}\"},\"query-input\":{\"@type\":\"PropertyValueSpecification\",\"valueRequired\":true,\"valueName\":\"search_term_string\"}}],\"inLanguage\":\"it-IT\"},{\"@type\":\"Person\",\"@id\":\"https:\\\/\\\/www.geoparcoalpicarniche.org\\\/it\\\/#\\\/schema\\\/person\\\/792aecb9ddcd31b0cc00dad212b54d63\",\"name\":\"Daniela De Prato\",\"image\":{\"@type\":\"ImageObject\",\"inLanguage\":\"it-IT\",\"@id\":\"https:\\\/\\\/secure.gravatar.com\\\/avatar\\\/520e88177f085d0a607e4819e57b260a0541e8dc2c786fd187de50158ed6ccf5?s=96&d=mm&r=g\",\"url\":\"https:\\\/\\\/secure.gravatar.com\\\/avatar\\\/520e88177f085d0a607e4819e57b260a0541e8dc2c786fd187de50158ed6ccf5?s=96&d=mm&r=g\",\"contentUrl\":\"https:\\\/\\\/secure.gravatar.com\\\/avatar\\\/520e88177f085d0a607e4819e57b260a0541e8dc2c786fd187de50158ed6ccf5?s=96&d=mm&r=g\",\"caption\":\"Daniela De Prato\"}}]}<\/script>\n<!-- \/ Yoast SEO plugin. -->","yoast_head_json":{"title":"Apre la mostra \"Pesci fossili dai monti friulani\" - Tolmezzo, 14.02.2020 ore 18 - Geoparco Alpi Carniche","robots":{"index":"index","follow":"follow","max-snippet":"max-snippet:-1","max-image-preview":"max-image-preview:large","max-video-preview":"max-video-preview:-1"},"canonical":"https:\/\/www.geoparcoalpicarniche.org\/it\/2020\/02\/06\/apre-la-mostra-pesci-fossili-dai-monti-friulani-tolmezzo-14-02-2020-ore-18\/","og_locale":"it_IT","og_type":"article","og_title":"Apre la mostra \"Pesci fossili dai monti friulani\" - Tolmezzo, 14.02.2020 ore 18 - Geoparco Alpi Carniche","og_description":"Apre il 14 febbraio prossimo alle ore 18, presso Palazzo Frisacco a Tolmezzo: PESCI FOSSILI DAI MONTI FRIULANI","og_url":"https:\/\/www.geoparcoalpicarniche.org\/it\/2020\/02\/06\/apre-la-mostra-pesci-fossili-dai-monti-friulani-tolmezzo-14-02-2020-ore-18\/","og_site_name":"Geoparco Alpi Carniche","article_published_time":"2020-02-06T10:10:20+00:00","article_modified_time":"2020-02-06T10:14:04+00:00","og_image":[{"width":876,"height":1358,"url":"https:\/\/www.geoparcoalpicarniche.org\/wp-content\/uploads\/2020\/02\/pesci-fossili_web.jpg","type":"image\/jpeg"}],"author":"Daniela De Prato","twitter_card":"summary_large_image","twitter_misc":{"Scritto da":"Daniela De Prato","Tempo di lettura stimato":"1 minuto"},"schema":{"@context":"https:\/\/schema.org","@graph":[{"@type":"Article","@id":"https:\/\/www.geoparcoalpicarniche.org\/it\/2020\/02\/06\/apre-la-mostra-pesci-fossili-dai-monti-friulani-tolmezzo-14-02-2020-ore-18\/#article","isPartOf":{"@id":"https:\/\/www.geoparcoalpicarniche.org\/it\/2020\/02\/06\/apre-la-mostra-pesci-fossili-dai-monti-friulani-tolmezzo-14-02-2020-ore-18\/"},"author":{"name":"Daniela De Prato","@id":"https:\/\/www.geoparcoalpicarniche.org\/it\/#\/schema\/person\/792aecb9ddcd31b0cc00dad212b54d63"},"headline":"Apre la mostra &#8220;Pesci fossili dai monti friulani&#8221; &#8211; Tolmezzo, 14.02.2020 ore 18","datePublished":"2020-02-06T10:10:20+00:00","dateModified":"2020-02-06T10:14:04+00:00","mainEntityOfPage":{"@id":"https:\/\/www.geoparcoalpicarniche.org\/it\/2020\/02\/06\/apre-la-mostra-pesci-fossili-dai-monti-friulani-tolmezzo-14-02-2020-ore-18\/"},"wordCount":269,"image":{"@id":"https:\/\/www.geoparcoalpicarniche.org\/it\/2020\/02\/06\/apre-la-mostra-pesci-fossili-dai-monti-friulani-tolmezzo-14-02-2020-ore-18\/#primaryimage"},"thumbnailUrl":"https:\/\/www.geoparcoalpicarniche.org\/wp-content\/uploads\/2020\/02\/pesci-fossili_web.jpg","articleSection":["News"],"inLanguage":"it-IT"},{"@type":"WebPage","@id":"https:\/\/www.geoparcoalpicarniche.org\/it\/2020\/02\/06\/apre-la-mostra-pesci-fossili-dai-monti-friulani-tolmezzo-14-02-2020-ore-18\/","url":"https:\/\/www.geoparcoalpicarniche.org\/it\/2020\/02\/06\/apre-la-mostra-pesci-fossili-dai-monti-friulani-tolmezzo-14-02-2020-ore-18\/","name":"Apre la mostra \"Pesci fossili dai monti friulani\" - Tolmezzo, 14.02.2020 ore 18 - Geoparco Alpi Carniche","isPartOf":{"@id":"https:\/\/www.geoparcoalpicarniche.org\/it\/#website"},"primaryImageOfPage":{"@id":"https:\/\/www.geoparcoalpicarniche.org\/it\/2020\/02\/06\/apre-la-mostra-pesci-fossili-dai-monti-friulani-tolmezzo-14-02-2020-ore-18\/#primaryimage"},"image":{"@id":"https:\/\/www.geoparcoalpicarniche.org\/it\/2020\/02\/06\/apre-la-mostra-pesci-fossili-dai-monti-friulani-tolmezzo-14-02-2020-ore-18\/#primaryimage"},"thumbnailUrl":"https:\/\/www.geoparcoalpicarniche.org\/wp-content\/uploads\/2020\/02\/pesci-fossili_web.jpg","datePublished":"2020-02-06T10:10:20+00:00","dateModified":"2020-02-06T10:14:04+00:00","author":{"@id":"https:\/\/www.geoparcoalpicarniche.org\/it\/#\/schema\/person\/792aecb9ddcd31b0cc00dad212b54d63"},"breadcrumb":{"@id":"https:\/\/www.geoparcoalpicarniche.org\/it\/2020\/02\/06\/apre-la-mostra-pesci-fossili-dai-monti-friulani-tolmezzo-14-02-2020-ore-18\/#breadcrumb"},"inLanguage":"it-IT","potentialAction":[{"@type":"ReadAction","target":["https:\/\/www.geoparcoalpicarniche.org\/it\/2020\/02\/06\/apre-la-mostra-pesci-fossili-dai-monti-friulani-tolmezzo-14-02-2020-ore-18\/"]}]},{"@type":"ImageObject","inLanguage":"it-IT","@id":"https:\/\/www.geoparcoalpicarniche.org\/it\/2020\/02\/06\/apre-la-mostra-pesci-fossili-dai-monti-friulani-tolmezzo-14-02-2020-ore-18\/#primaryimage","url":"https:\/\/www.geoparcoalpicarniche.org\/wp-content\/uploads\/2020\/02\/pesci-fossili_web.jpg","contentUrl":"https:\/\/www.geoparcoalpicarniche.org\/wp-content\/uploads\/2020\/02\/pesci-fossili_web.jpg","width":876,"height":1358},{"@type":"BreadcrumbList","@id":"https:\/\/www.geoparcoalpicarniche.org\/it\/2020\/02\/06\/apre-la-mostra-pesci-fossili-dai-monti-friulani-tolmezzo-14-02-2020-ore-18\/#breadcrumb","itemListElement":[{"@type":"ListItem","position":1,"name":"Home","item":"https:\/\/www.geoparcoalpicarniche.org\/it\/"},{"@type":"ListItem","position":2,"name":"Apre la mostra &#8220;Pesci fossili dai monti friulani&#8221; &#8211; Tolmezzo, 14.02.2020 ore 18"}]},{"@type":"WebSite","@id":"https:\/\/www.geoparcoalpicarniche.org\/it\/#website","url":"https:\/\/www.geoparcoalpicarniche.org\/it\/","name":"Geoparco Alpi Carniche","description":"Custode del patrimonio geologico transfrontaliero","potentialAction":[{"@type":"SearchAction","target":{"@type":"EntryPoint","urlTemplate":"https:\/\/www.geoparcoalpicarniche.org\/it\/?s={search_term_string}"},"query-input":{"@type":"PropertyValueSpecification","valueRequired":true,"valueName":"search_term_string"}}],"inLanguage":"it-IT"},{"@type":"Person","@id":"https:\/\/www.geoparcoalpicarniche.org\/it\/#\/schema\/person\/792aecb9ddcd31b0cc00dad212b54d63","name":"Daniela De Prato","image":{"@type":"ImageObject","inLanguage":"it-IT","@id":"https:\/\/secure.gravatar.com\/avatar\/520e88177f085d0a607e4819e57b260a0541e8dc2c786fd187de50158ed6ccf5?s=96&d=mm&r=g","url":"https:\/\/secure.gravatar.com\/avatar\/520e88177f085d0a607e4819e57b260a0541e8dc2c786fd187de50158ed6ccf5?s=96&d=mm&r=g","contentUrl":"https:\/\/secure.gravatar.com\/avatar\/520e88177f085d0a607e4819e57b260a0541e8dc2c786fd187de50158ed6ccf5?s=96&d=mm&r=g","caption":"Daniela De Prato"}}]}},"_links":{"self":[{"href":"https:\/\/www.geoparcoalpicarniche.org\/it\/wp-json\/wp\/v2\/posts\/11038","targetHints":{"allow":["GET"]}}],"collection":[{"href":"https:\/\/www.geoparcoalpicarniche.org\/it\/wp-json\/wp\/v2\/posts"}],"about":[{"href":"https:\/\/www.geoparcoalpicarniche.org\/it\/wp-json\/wp\/v2\/types\/post"}],"author":[{"embeddable":true,"href":"https:\/\/www.geoparcoalpicarniche.org\/it\/wp-json\/wp\/v2\/users\/3"}],"replies":[{"embeddable":true,"href":"https:\/\/www.geoparcoalpicarniche.org\/it\/wp-json\/wp\/v2\/comments?post=11038"}],"version-history":[{"count":2,"href":"https:\/\/www.geoparcoalpicarniche.org\/it\/wp-json\/wp\/v2\/posts\/11038\/revisions"}],"predecessor-version":[{"id":11049,"href":"https:\/\/www.geoparcoalpicarniche.org\/it\/wp-json\/wp\/v2\/posts\/11038\/revisions\/11049"}],"wp:featuredmedia":[{"embeddable":true,"href":"https:\/\/www.geoparcoalpicarniche.org\/it\/wp-json\/wp\/v2\/media\/11042"}],"wp:attachment":[{"href":"https:\/\/www.geoparcoalpicarniche.org\/it\/wp-json\/wp\/v2\/media?parent=11038"}],"wp:term":[{"taxonomy":"category","embeddable":true,"href":"https:\/\/www.geoparcoalpicarniche.org\/it\/wp-json\/wp\/v2\/categories?post=11038"},{"taxonomy":"post_tag","embeddable":true,"href":"https:\/\/www.geoparcoalpicarniche.org\/it\/wp-json\/wp\/v2\/tags?post=11038"}],"curies":[{"name":"wp","href":"https:\/\/api.w.org\/{rel}","templated":true}]}}