{"id":10121,"date":"2019-02-25T11:49:15","date_gmt":"2019-02-25T10:49:15","guid":{"rendered":"https:\/\/www.geoparcoalpicarniche.org\/?p=10121"},"modified":"2019-02-25T13:42:16","modified_gmt":"2019-02-25T12:42:16","slug":"il-geoparco-va-al-cinema","status":"publish","type":"post","link":"https:\/\/www.geoparcoalpicarniche.org\/it\/2019\/02\/25\/il-geoparco-va-al-cinema\/","title":{"rendered":"Il Geoparco va al cinema!"},"content":{"rendered":"<p>Per la rassegna &#8220;L&#8217; arte in sala&#8221; il Nuovo Cinema David di Tolmezzo (UD) propone DINOSAURS!<\/p>\n<p>Dinosaurs \u00e9 un documentario diretto da Francesco Invernizzi, che ci porta alla scoperta del mondo dei dinosauri.<br \/>\nLe immagini sono state girate in Italia, in Svizzera, in Francia e negli Stati Uniti, tra South Dakota e Wyoming e hanno visto la partecipazione di importanti scienziati ed istituti paleontologici come il Black Hills Institute of Geological Research.<\/p>\n<p>Seguiremo quindi il percorso di queste creature della preistoria, dagli scavi ai laboratori in cui gli esperti ne ricompongono i resti. Dai laboratori arriveremo poi alle gallerie e alle case d&#8217;asta pi\u00f9 esclusive, dove i collezionisti e le pi\u00f9 prestigiose istituzioni scientifiche si contendono gli esemplari pi\u00f9 rari.<br \/>\nUn lavoro davvero complesso dove l&#8217;importante \u00e8 avere passione!<\/p>\n<p>Inoltre in sala sar\u00e1 presente il direttore del Museo Friulano di storia naturale e responsabile scientifico del Geoparco delle Alpi carniche, il dott. GIUSEPPE MUSCIO, che ci illustrer\u00e0 le peculiarit\u00e0 geopaleontologiche dell&#8217;area carnica.<br \/>\nCi vediamo l\u00ec!<\/p>\n<p>Gioved\u00ec 28 Febbraio 2019 alle 20:30.<\/p>\n<div class=\"embed-responsive  embed-responsive-16by9\"><iframe loading=\"lazy\" width=\"1110\" height=\"624\" src=\"https:\/\/www.youtube.com\/embed\/YZxgNIjl9kg?feature=oembed\" frameborder=\"0\" allow=\"accelerometer; autoplay; encrypted-media; gyroscope; picture-in-picture\" allowfullscreen><\/iframe><\/div>\n","protected":false},"excerpt":{"rendered":"<p>Gioved\u00ec 28 febbraio alle 20.30, al NUOVO Cinema DAVID di Tolmezzo verr\u00e0 proiettato il documentario DINOSAURS, alla scoperta del mondo dei dinosauri. Giuseppe Muscio, responsabile scientifico del Geoparco, introduce con informazioni e curiosit\u00e0 sui ritrovamenti di rettili del nostro territorio e oltre.<\/p>\n","protected":false},"author":3,"featured_media":10125,"comment_status":"closed","ping_status":"closed","sticky":false,"template":"","format":"standard","meta":{"_acf_changed":false,"inline_featured_image":false,"ngg_post_thumbnail":0,"footnotes":""},"categories":[40,86,100],"tags":[],"class_list":{"0":"post-10121","1":"post","2":"type-post","3":"status-publish","4":"format-standard","5":"has-post-thumbnail","7":"category-eventi","8":"category-conferenza","9":"category-news-dal-geoparco","10":"clearfix","11":"article"},"acf":[],"yoast_head":"<!-- This site is optimized with the Yoast SEO plugin v27.5 - https:\/\/yoast.com\/product\/yoast-seo-wordpress\/ -->\n<title>Il Geoparco va al cinema! - Geoparco Alpi Carniche<\/title>\n<meta name=\"robots\" content=\"index, follow, max-snippet:-1, max-image-preview:large, max-video-preview:-1\" \/>\n<link rel=\"canonical\" href=\"https:\/\/www.geoparcoalpicarniche.org\/it\/2019\/02\/25\/il-geoparco-va-al-cinema\/\" \/>\n<meta property=\"og:locale\" content=\"it_IT\" \/>\n<meta property=\"og:type\" content=\"article\" \/>\n<meta property=\"og:title\" content=\"Il Geoparco va al cinema! - Geoparco Alpi Carniche\" \/>\n<meta property=\"og:description\" content=\"Gioved\u00ec 28 febbraio alle 20.30, al NUOVO Cinema DAVID di Tolmezzo verr\u00e0 proiettato il documentario DINOSAURS, alla scoperta del mondo dei dinosauri. Giuseppe Muscio, responsabile scientifico del Geoparco, introduce con informazioni e curiosit\u00e0 sui ritrovamenti di rettili del nostro territorio e oltre.\" \/>\n<meta property=\"og:url\" content=\"https:\/\/www.geoparcoalpicarniche.org\/it\/2019\/02\/25\/il-geoparco-va-al-cinema\/\" \/>\n<meta property=\"og:site_name\" content=\"Geoparco Alpi Carniche\" \/>\n<meta property=\"article:published_time\" content=\"2019-02-25T10:49:15+00:00\" \/>\n<meta property=\"article:modified_time\" content=\"2019-02-25T12:42:16+00:00\" \/>\n<meta property=\"og:image\" content=\"https:\/\/www.geoparcoalpicarniche.org\/wp-content\/uploads\/2019\/02\/Dinosaurs01_PHMagnitudoFilm-e1551098523351.jpg\" \/>\n\t<meta property=\"og:image:width\" content=\"849\" \/>\n\t<meta property=\"og:image:height\" content=\"713\" \/>\n\t<meta property=\"og:image:type\" content=\"image\/jpeg\" \/>\n<meta name=\"author\" content=\"Daniela De Prato\" \/>\n<meta name=\"twitter:card\" content=\"summary_large_image\" \/>\n<meta name=\"twitter:label1\" content=\"Scritto da\" \/>\n\t<meta name=\"twitter:data1\" content=\"Daniela De Prato\" \/>\n\t<meta name=\"twitter:label2\" content=\"Tempo di lettura stimato\" \/>\n\t<meta name=\"twitter:data2\" content=\"1 minuto\" \/>\n<script type=\"application\/ld+json\" class=\"yoast-schema-graph\">{\"@context\":\"https:\\\/\\\/schema.org\",\"@graph\":[{\"@type\":\"Article\",\"@id\":\"https:\\\/\\\/www.geoparcoalpicarniche.org\\\/it\\\/2019\\\/02\\\/25\\\/il-geoparco-va-al-cinema\\\/#article\",\"isPartOf\":{\"@id\":\"https:\\\/\\\/www.geoparcoalpicarniche.org\\\/it\\\/2019\\\/02\\\/25\\\/il-geoparco-va-al-cinema\\\/\"},\"author\":{\"name\":\"Daniela De Prato\",\"@id\":\"https:\\\/\\\/www.geoparcoalpicarniche.org\\\/it\\\/#\\\/schema\\\/person\\\/792aecb9ddcd31b0cc00dad212b54d63\"},\"headline\":\"Il Geoparco va al cinema!\",\"datePublished\":\"2019-02-25T10:49:15+00:00\",\"dateModified\":\"2019-02-25T12:42:16+00:00\",\"mainEntityOfPage\":{\"@id\":\"https:\\\/\\\/www.geoparcoalpicarniche.org\\\/it\\\/2019\\\/02\\\/25\\\/il-geoparco-va-al-cinema\\\/\"},\"wordCount\":201,\"image\":{\"@id\":\"https:\\\/\\\/www.geoparcoalpicarniche.org\\\/it\\\/2019\\\/02\\\/25\\\/il-geoparco-va-al-cinema\\\/#primaryimage\"},\"thumbnailUrl\":\"https:\\\/\\\/www.geoparcoalpicarniche.org\\\/wp-content\\\/uploads\\\/2019\\\/02\\\/Dinosaurs01_PHMagnitudoFilm-e1551098523351.jpg\",\"articleSection\":[\"Eventi\",\"Conferenza\",\"News dal geoparco\"],\"inLanguage\":\"it-IT\"},{\"@type\":\"WebPage\",\"@id\":\"https:\\\/\\\/www.geoparcoalpicarniche.org\\\/it\\\/2019\\\/02\\\/25\\\/il-geoparco-va-al-cinema\\\/\",\"url\":\"https:\\\/\\\/www.geoparcoalpicarniche.org\\\/it\\\/2019\\\/02\\\/25\\\/il-geoparco-va-al-cinema\\\/\",\"name\":\"Il Geoparco va al cinema! - Geoparco Alpi Carniche\",\"isPartOf\":{\"@id\":\"https:\\\/\\\/www.geoparcoalpicarniche.org\\\/it\\\/#website\"},\"primaryImageOfPage\":{\"@id\":\"https:\\\/\\\/www.geoparcoalpicarniche.org\\\/it\\\/2019\\\/02\\\/25\\\/il-geoparco-va-al-cinema\\\/#primaryimage\"},\"image\":{\"@id\":\"https:\\\/\\\/www.geoparcoalpicarniche.org\\\/it\\\/2019\\\/02\\\/25\\\/il-geoparco-va-al-cinema\\\/#primaryimage\"},\"thumbnailUrl\":\"https:\\\/\\\/www.geoparcoalpicarniche.org\\\/wp-content\\\/uploads\\\/2019\\\/02\\\/Dinosaurs01_PHMagnitudoFilm-e1551098523351.jpg\",\"datePublished\":\"2019-02-25T10:49:15+00:00\",\"dateModified\":\"2019-02-25T12:42:16+00:00\",\"author\":{\"@id\":\"https:\\\/\\\/www.geoparcoalpicarniche.org\\\/it\\\/#\\\/schema\\\/person\\\/792aecb9ddcd31b0cc00dad212b54d63\"},\"breadcrumb\":{\"@id\":\"https:\\\/\\\/www.geoparcoalpicarniche.org\\\/it\\\/2019\\\/02\\\/25\\\/il-geoparco-va-al-cinema\\\/#breadcrumb\"},\"inLanguage\":\"it-IT\",\"potentialAction\":[{\"@type\":\"ReadAction\",\"target\":[\"https:\\\/\\\/www.geoparcoalpicarniche.org\\\/it\\\/2019\\\/02\\\/25\\\/il-geoparco-va-al-cinema\\\/\"]}]},{\"@type\":\"ImageObject\",\"inLanguage\":\"it-IT\",\"@id\":\"https:\\\/\\\/www.geoparcoalpicarniche.org\\\/it\\\/2019\\\/02\\\/25\\\/il-geoparco-va-al-cinema\\\/#primaryimage\",\"url\":\"https:\\\/\\\/www.geoparcoalpicarniche.org\\\/wp-content\\\/uploads\\\/2019\\\/02\\\/Dinosaurs01_PHMagnitudoFilm-e1551098523351.jpg\",\"contentUrl\":\"https:\\\/\\\/www.geoparcoalpicarniche.org\\\/wp-content\\\/uploads\\\/2019\\\/02\\\/Dinosaurs01_PHMagnitudoFilm-e1551098523351.jpg\",\"width\":849,\"height\":713},{\"@type\":\"BreadcrumbList\",\"@id\":\"https:\\\/\\\/www.geoparcoalpicarniche.org\\\/it\\\/2019\\\/02\\\/25\\\/il-geoparco-va-al-cinema\\\/#breadcrumb\",\"itemListElement\":[{\"@type\":\"ListItem\",\"position\":1,\"name\":\"Home\",\"item\":\"https:\\\/\\\/www.geoparcoalpicarniche.org\\\/it\\\/\"},{\"@type\":\"ListItem\",\"position\":2,\"name\":\"Il Geoparco va al cinema!\"}]},{\"@type\":\"WebSite\",\"@id\":\"https:\\\/\\\/www.geoparcoalpicarniche.org\\\/it\\\/#website\",\"url\":\"https:\\\/\\\/www.geoparcoalpicarniche.org\\\/it\\\/\",\"name\":\"Geoparco Alpi Carniche\",\"description\":\"Custode del patrimonio geologico transfrontaliero\",\"potentialAction\":[{\"@type\":\"SearchAction\",\"target\":{\"@type\":\"EntryPoint\",\"urlTemplate\":\"https:\\\/\\\/www.geoparcoalpicarniche.org\\\/it\\\/?s={search_term_string}\"},\"query-input\":{\"@type\":\"PropertyValueSpecification\",\"valueRequired\":true,\"valueName\":\"search_term_string\"}}],\"inLanguage\":\"it-IT\"},{\"@type\":\"Person\",\"@id\":\"https:\\\/\\\/www.geoparcoalpicarniche.org\\\/it\\\/#\\\/schema\\\/person\\\/792aecb9ddcd31b0cc00dad212b54d63\",\"name\":\"Daniela De Prato\",\"image\":{\"@type\":\"ImageObject\",\"inLanguage\":\"it-IT\",\"@id\":\"https:\\\/\\\/secure.gravatar.com\\\/avatar\\\/520e88177f085d0a607e4819e57b260a0541e8dc2c786fd187de50158ed6ccf5?s=96&d=mm&r=g\",\"url\":\"https:\\\/\\\/secure.gravatar.com\\\/avatar\\\/520e88177f085d0a607e4819e57b260a0541e8dc2c786fd187de50158ed6ccf5?s=96&d=mm&r=g\",\"contentUrl\":\"https:\\\/\\\/secure.gravatar.com\\\/avatar\\\/520e88177f085d0a607e4819e57b260a0541e8dc2c786fd187de50158ed6ccf5?s=96&d=mm&r=g\",\"caption\":\"Daniela De Prato\"}}]}<\/script>\n<!-- \/ Yoast SEO plugin. -->","yoast_head_json":{"title":"Il Geoparco va al cinema! - Geoparco Alpi Carniche","robots":{"index":"index","follow":"follow","max-snippet":"max-snippet:-1","max-image-preview":"max-image-preview:large","max-video-preview":"max-video-preview:-1"},"canonical":"https:\/\/www.geoparcoalpicarniche.org\/it\/2019\/02\/25\/il-geoparco-va-al-cinema\/","og_locale":"it_IT","og_type":"article","og_title":"Il Geoparco va al cinema! - Geoparco Alpi Carniche","og_description":"Gioved\u00ec 28 febbraio alle 20.30, al NUOVO Cinema DAVID di Tolmezzo verr\u00e0 proiettato il documentario DINOSAURS, alla scoperta del mondo dei dinosauri. Giuseppe Muscio, responsabile scientifico del Geoparco, introduce con informazioni e curiosit\u00e0 sui ritrovamenti di rettili del nostro territorio e oltre.","og_url":"https:\/\/www.geoparcoalpicarniche.org\/it\/2019\/02\/25\/il-geoparco-va-al-cinema\/","og_site_name":"Geoparco Alpi Carniche","article_published_time":"2019-02-25T10:49:15+00:00","article_modified_time":"2019-02-25T12:42:16+00:00","og_image":[{"width":849,"height":713,"url":"https:\/\/www.geoparcoalpicarniche.org\/wp-content\/uploads\/2019\/02\/Dinosaurs01_PHMagnitudoFilm-e1551098523351.jpg","type":"image\/jpeg"}],"author":"Daniela De Prato","twitter_card":"summary_large_image","twitter_misc":{"Scritto da":"Daniela De Prato","Tempo di lettura stimato":"1 minuto"},"schema":{"@context":"https:\/\/schema.org","@graph":[{"@type":"Article","@id":"https:\/\/www.geoparcoalpicarniche.org\/it\/2019\/02\/25\/il-geoparco-va-al-cinema\/#article","isPartOf":{"@id":"https:\/\/www.geoparcoalpicarniche.org\/it\/2019\/02\/25\/il-geoparco-va-al-cinema\/"},"author":{"name":"Daniela De Prato","@id":"https:\/\/www.geoparcoalpicarniche.org\/it\/#\/schema\/person\/792aecb9ddcd31b0cc00dad212b54d63"},"headline":"Il Geoparco va al cinema!","datePublished":"2019-02-25T10:49:15+00:00","dateModified":"2019-02-25T12:42:16+00:00","mainEntityOfPage":{"@id":"https:\/\/www.geoparcoalpicarniche.org\/it\/2019\/02\/25\/il-geoparco-va-al-cinema\/"},"wordCount":201,"image":{"@id":"https:\/\/www.geoparcoalpicarniche.org\/it\/2019\/02\/25\/il-geoparco-va-al-cinema\/#primaryimage"},"thumbnailUrl":"https:\/\/www.geoparcoalpicarniche.org\/wp-content\/uploads\/2019\/02\/Dinosaurs01_PHMagnitudoFilm-e1551098523351.jpg","articleSection":["Eventi","Conferenza","News dal geoparco"],"inLanguage":"it-IT"},{"@type":"WebPage","@id":"https:\/\/www.geoparcoalpicarniche.org\/it\/2019\/02\/25\/il-geoparco-va-al-cinema\/","url":"https:\/\/www.geoparcoalpicarniche.org\/it\/2019\/02\/25\/il-geoparco-va-al-cinema\/","name":"Il Geoparco va al cinema! - Geoparco Alpi Carniche","isPartOf":{"@id":"https:\/\/www.geoparcoalpicarniche.org\/it\/#website"},"primaryImageOfPage":{"@id":"https:\/\/www.geoparcoalpicarniche.org\/it\/2019\/02\/25\/il-geoparco-va-al-cinema\/#primaryimage"},"image":{"@id":"https:\/\/www.geoparcoalpicarniche.org\/it\/2019\/02\/25\/il-geoparco-va-al-cinema\/#primaryimage"},"thumbnailUrl":"https:\/\/www.geoparcoalpicarniche.org\/wp-content\/uploads\/2019\/02\/Dinosaurs01_PHMagnitudoFilm-e1551098523351.jpg","datePublished":"2019-02-25T10:49:15+00:00","dateModified":"2019-02-25T12:42:16+00:00","author":{"@id":"https:\/\/www.geoparcoalpicarniche.org\/it\/#\/schema\/person\/792aecb9ddcd31b0cc00dad212b54d63"},"breadcrumb":{"@id":"https:\/\/www.geoparcoalpicarniche.org\/it\/2019\/02\/25\/il-geoparco-va-al-cinema\/#breadcrumb"},"inLanguage":"it-IT","potentialAction":[{"@type":"ReadAction","target":["https:\/\/www.geoparcoalpicarniche.org\/it\/2019\/02\/25\/il-geoparco-va-al-cinema\/"]}]},{"@type":"ImageObject","inLanguage":"it-IT","@id":"https:\/\/www.geoparcoalpicarniche.org\/it\/2019\/02\/25\/il-geoparco-va-al-cinema\/#primaryimage","url":"https:\/\/www.geoparcoalpicarniche.org\/wp-content\/uploads\/2019\/02\/Dinosaurs01_PHMagnitudoFilm-e1551098523351.jpg","contentUrl":"https:\/\/www.geoparcoalpicarniche.org\/wp-content\/uploads\/2019\/02\/Dinosaurs01_PHMagnitudoFilm-e1551098523351.jpg","width":849,"height":713},{"@type":"BreadcrumbList","@id":"https:\/\/www.geoparcoalpicarniche.org\/it\/2019\/02\/25\/il-geoparco-va-al-cinema\/#breadcrumb","itemListElement":[{"@type":"ListItem","position":1,"name":"Home","item":"https:\/\/www.geoparcoalpicarniche.org\/it\/"},{"@type":"ListItem","position":2,"name":"Il Geoparco va al cinema!"}]},{"@type":"WebSite","@id":"https:\/\/www.geoparcoalpicarniche.org\/it\/#website","url":"https:\/\/www.geoparcoalpicarniche.org\/it\/","name":"Geoparco Alpi Carniche","description":"Custode del patrimonio geologico transfrontaliero","potentialAction":[{"@type":"SearchAction","target":{"@type":"EntryPoint","urlTemplate":"https:\/\/www.geoparcoalpicarniche.org\/it\/?s={search_term_string}"},"query-input":{"@type":"PropertyValueSpecification","valueRequired":true,"valueName":"search_term_string"}}],"inLanguage":"it-IT"},{"@type":"Person","@id":"https:\/\/www.geoparcoalpicarniche.org\/it\/#\/schema\/person\/792aecb9ddcd31b0cc00dad212b54d63","name":"Daniela De Prato","image":{"@type":"ImageObject","inLanguage":"it-IT","@id":"https:\/\/secure.gravatar.com\/avatar\/520e88177f085d0a607e4819e57b260a0541e8dc2c786fd187de50158ed6ccf5?s=96&d=mm&r=g","url":"https:\/\/secure.gravatar.com\/avatar\/520e88177f085d0a607e4819e57b260a0541e8dc2c786fd187de50158ed6ccf5?s=96&d=mm&r=g","contentUrl":"https:\/\/secure.gravatar.com\/avatar\/520e88177f085d0a607e4819e57b260a0541e8dc2c786fd187de50158ed6ccf5?s=96&d=mm&r=g","caption":"Daniela De Prato"}}]}},"_links":{"self":[{"href":"https:\/\/www.geoparcoalpicarniche.org\/it\/wp-json\/wp\/v2\/posts\/10121","targetHints":{"allow":["GET"]}}],"collection":[{"href":"https:\/\/www.geoparcoalpicarniche.org\/it\/wp-json\/wp\/v2\/posts"}],"about":[{"href":"https:\/\/www.geoparcoalpicarniche.org\/it\/wp-json\/wp\/v2\/types\/post"}],"author":[{"embeddable":true,"href":"https:\/\/www.geoparcoalpicarniche.org\/it\/wp-json\/wp\/v2\/users\/3"}],"replies":[{"embeddable":true,"href":"https:\/\/www.geoparcoalpicarniche.org\/it\/wp-json\/wp\/v2\/comments?post=10121"}],"version-history":[{"count":4,"href":"https:\/\/www.geoparcoalpicarniche.org\/it\/wp-json\/wp\/v2\/posts\/10121\/revisions"}],"predecessor-version":[{"id":10128,"href":"https:\/\/www.geoparcoalpicarniche.org\/it\/wp-json\/wp\/v2\/posts\/10121\/revisions\/10128"}],"wp:featuredmedia":[{"embeddable":true,"href":"https:\/\/www.geoparcoalpicarniche.org\/it\/wp-json\/wp\/v2\/media\/10125"}],"wp:attachment":[{"href":"https:\/\/www.geoparcoalpicarniche.org\/it\/wp-json\/wp\/v2\/media?parent=10121"}],"wp:term":[{"taxonomy":"category","embeddable":true,"href":"https:\/\/www.geoparcoalpicarniche.org\/it\/wp-json\/wp\/v2\/categories?post=10121"},{"taxonomy":"post_tag","embeddable":true,"href":"https:\/\/www.geoparcoalpicarniche.org\/it\/wp-json\/wp\/v2\/tags?post=10121"}],"curies":[{"name":"wp","href":"https:\/\/api.w.org\/{rel}","templated":true}]}}