{"id":9758,"date":"2018-12-13T09:03:13","date_gmt":"2018-12-13T08:03:13","guid":{"rendered":"https:\/\/www.geoparcoalpicarniche.org\/?p=9758"},"modified":"2018-12-13T09:40:05","modified_gmt":"2018-12-13T08:40:05","slug":"achtung-wandern-ist-nach-dem-letzten-sturm-in-den-ostalpen-aberaten","status":"publish","type":"post","link":"https:\/\/www.geoparcoalpicarniche.org\/de\/2018\/12\/13\/achtung-wandern-ist-nach-dem-letzten-sturm-in-den-ostalpen-aberaten\/","title":{"rendered":"Achtung! Wandern ist nach dem letzten Sturm in den Ostalpen abgeraten"},"content":{"rendered":"<p>Wandern im Geopark-Gebiet ist nach dem letzten Sturm abgeraten. Zahlreiche Wanderwege sind n\u00e4mlich zerst\u00f6rt worden.<\/p>\n<p>Die Freiwilliger des Italienischen Alpenverein arbeiten zurzeit intensiv, um die Wanderwege wieder begehbar zu machen. Die Situation ist aber noch schwer und nicht sicher.<\/p>\n<p>Wenn Sie eine Wanderung in den Ostalpen f\u00fcr den n\u00e4chsten Monaten planen m\u00f6chten, bitte nehmen Sie Kontakt mit den lokalen CAI-Sektion auf, um Infos \u00f6ber die Wege zu erhalten.<\/p>\n<p>Herzlichen Dank allen Freiwilligen, die so viel f\u00fcr alle Berglienhaber arbeiten.<\/p>\n<p>&nbsp;<\/p>\n<p>&nbsp;<\/p>\n","protected":false},"excerpt":{"rendered":"<p>Wandern im Geopark-Gebiet ist nach dem letzten Sturm abgeraten. Zahlreiche Wanderwege sind n\u00e4mlich zerst\u00f6rt worden.<\/p>\n","protected":false},"author":3,"featured_media":9716,"comment_status":"closed","ping_status":"closed","sticky":false,"template":"","format":"standard","meta":{"_acf_changed":false,"inline_featured_image":false,"ngg_post_thumbnail":0,"footnotes":""},"categories":[20,258],"tags":[],"class_list":{"0":"post-9758","1":"post","2":"type-post","3":"status-publish","4":"format-standard","5":"has-post-thumbnail","7":"category-news","8":"category-news-aus-dem-geopark","9":"clearfix","10":"article"},"acf":[],"yoast_head":"<!-- This site is optimized with the Yoast SEO plugin v27.5 - https:\/\/yoast.com\/product\/yoast-seo-wordpress\/ -->\n<title>Achtung! Wandern ist nach dem letzten Sturm in den Ostalpen abgeraten - Geoparco Alpi Carniche<\/title>\n<meta name=\"robots\" content=\"index, follow, max-snippet:-1, max-image-preview:large, max-video-preview:-1\" \/>\n<link rel=\"canonical\" href=\"https:\/\/www.geoparcoalpicarniche.org\/de\/2018\/12\/13\/achtung-wandern-ist-nach-dem-letzten-sturm-in-den-ostalpen-aberaten\/\" \/>\n<meta property=\"og:locale\" content=\"de_DE\" \/>\n<meta property=\"og:type\" content=\"article\" \/>\n<meta property=\"og:title\" content=\"Achtung! Wandern ist nach dem letzten Sturm in den Ostalpen abgeraten - Geoparco Alpi Carniche\" \/>\n<meta property=\"og:description\" content=\"Wandern im Geopark-Gebiet ist nach dem letzten Sturm abgeraten. Zahlreiche Wanderwege sind n\u00e4mlich zerst\u00f6rt worden.\" \/>\n<meta property=\"og:url\" content=\"https:\/\/www.geoparcoalpicarniche.org\/de\/2018\/12\/13\/achtung-wandern-ist-nach-dem-letzten-sturm-in-den-ostalpen-aberaten\/\" \/>\n<meta property=\"og:site_name\" content=\"Geoparco Alpi Carniche\" \/>\n<meta property=\"article:published_time\" content=\"2018-12-13T08:03:13+00:00\" \/>\n<meta property=\"article:modified_time\" content=\"2018-12-13T08:40:05+00:00\" \/>\n<meta property=\"og:image\" content=\"https:\/\/www.geoparcoalpicarniche.org\/wp-content\/uploads\/2018\/11\/alberi-1.jpg\" \/>\n\t<meta property=\"og:image:width\" content=\"1552\" \/>\n\t<meta property=\"og:image:height\" content=\"1140\" \/>\n\t<meta property=\"og:image:type\" content=\"image\/jpeg\" \/>\n<meta name=\"author\" content=\"Daniela De Prato\" \/>\n<meta name=\"twitter:card\" content=\"summary_large_image\" \/>\n<meta name=\"twitter:label1\" content=\"Verfasst von\" \/>\n\t<meta name=\"twitter:data1\" content=\"Daniela De Prato\" \/>\n<script type=\"application\/ld+json\" class=\"yoast-schema-graph\">{\"@context\":\"https:\\\/\\\/schema.org\",\"@graph\":[{\"@type\":\"Article\",\"@id\":\"https:\\\/\\\/www.geoparcoalpicarniche.org\\\/de\\\/2018\\\/12\\\/13\\\/achtung-wandern-ist-nach-dem-letzten-sturm-in-den-ostalpen-aberaten\\\/#article\",\"isPartOf\":{\"@id\":\"https:\\\/\\\/www.geoparcoalpicarniche.org\\\/de\\\/2018\\\/12\\\/13\\\/achtung-wandern-ist-nach-dem-letzten-sturm-in-den-ostalpen-aberaten\\\/\"},\"author\":{\"name\":\"Daniela De Prato\",\"@id\":\"https:\\\/\\\/www.geoparcoalpicarniche.org\\\/de\\\/#\\\/schema\\\/person\\\/792aecb9ddcd31b0cc00dad212b54d63\"},\"headline\":\"Achtung! Wandern ist nach dem letzten Sturm in den Ostalpen abgeraten\",\"datePublished\":\"2018-12-13T08:03:13+00:00\",\"dateModified\":\"2018-12-13T08:40:05+00:00\",\"mainEntityOfPage\":{\"@id\":\"https:\\\/\\\/www.geoparcoalpicarniche.org\\\/de\\\/2018\\\/12\\\/13\\\/achtung-wandern-ist-nach-dem-letzten-sturm-in-den-ostalpen-aberaten\\\/\"},\"wordCount\":98,\"image\":{\"@id\":\"https:\\\/\\\/www.geoparcoalpicarniche.org\\\/de\\\/2018\\\/12\\\/13\\\/achtung-wandern-ist-nach-dem-letzten-sturm-in-den-ostalpen-aberaten\\\/#primaryimage\"},\"thumbnailUrl\":\"https:\\\/\\\/www.geoparcoalpicarniche.org\\\/wp-content\\\/uploads\\\/2018\\\/11\\\/alberi-1.jpg\",\"articleSection\":[\"News\",\"News aus dem Geopark\"],\"inLanguage\":\"de-DE\"},{\"@type\":\"WebPage\",\"@id\":\"https:\\\/\\\/www.geoparcoalpicarniche.org\\\/de\\\/2018\\\/12\\\/13\\\/achtung-wandern-ist-nach-dem-letzten-sturm-in-den-ostalpen-aberaten\\\/\",\"url\":\"https:\\\/\\\/www.geoparcoalpicarniche.org\\\/de\\\/2018\\\/12\\\/13\\\/achtung-wandern-ist-nach-dem-letzten-sturm-in-den-ostalpen-aberaten\\\/\",\"name\":\"Achtung! Wandern ist nach dem letzten Sturm in den Ostalpen abgeraten - Geoparco Alpi Carniche\",\"isPartOf\":{\"@id\":\"https:\\\/\\\/www.geoparcoalpicarniche.org\\\/de\\\/#website\"},\"primaryImageOfPage\":{\"@id\":\"https:\\\/\\\/www.geoparcoalpicarniche.org\\\/de\\\/2018\\\/12\\\/13\\\/achtung-wandern-ist-nach-dem-letzten-sturm-in-den-ostalpen-aberaten\\\/#primaryimage\"},\"image\":{\"@id\":\"https:\\\/\\\/www.geoparcoalpicarniche.org\\\/de\\\/2018\\\/12\\\/13\\\/achtung-wandern-ist-nach-dem-letzten-sturm-in-den-ostalpen-aberaten\\\/#primaryimage\"},\"thumbnailUrl\":\"https:\\\/\\\/www.geoparcoalpicarniche.org\\\/wp-content\\\/uploads\\\/2018\\\/11\\\/alberi-1.jpg\",\"datePublished\":\"2018-12-13T08:03:13+00:00\",\"dateModified\":\"2018-12-13T08:40:05+00:00\",\"author\":{\"@id\":\"https:\\\/\\\/www.geoparcoalpicarniche.org\\\/de\\\/#\\\/schema\\\/person\\\/792aecb9ddcd31b0cc00dad212b54d63\"},\"breadcrumb\":{\"@id\":\"https:\\\/\\\/www.geoparcoalpicarniche.org\\\/de\\\/2018\\\/12\\\/13\\\/achtung-wandern-ist-nach-dem-letzten-sturm-in-den-ostalpen-aberaten\\\/#breadcrumb\"},\"inLanguage\":\"de-DE\",\"potentialAction\":[{\"@type\":\"ReadAction\",\"target\":[\"https:\\\/\\\/www.geoparcoalpicarniche.org\\\/de\\\/2018\\\/12\\\/13\\\/achtung-wandern-ist-nach-dem-letzten-sturm-in-den-ostalpen-aberaten\\\/\"]}]},{\"@type\":\"ImageObject\",\"inLanguage\":\"de-DE\",\"@id\":\"https:\\\/\\\/www.geoparcoalpicarniche.org\\\/de\\\/2018\\\/12\\\/13\\\/achtung-wandern-ist-nach-dem-letzten-sturm-in-den-ostalpen-aberaten\\\/#primaryimage\",\"url\":\"https:\\\/\\\/www.geoparcoalpicarniche.org\\\/wp-content\\\/uploads\\\/2018\\\/11\\\/alberi-1.jpg\",\"contentUrl\":\"https:\\\/\\\/www.geoparcoalpicarniche.org\\\/wp-content\\\/uploads\\\/2018\\\/11\\\/alberi-1.jpg\",\"width\":1552,\"height\":1140},{\"@type\":\"BreadcrumbList\",\"@id\":\"https:\\\/\\\/www.geoparcoalpicarniche.org\\\/de\\\/2018\\\/12\\\/13\\\/achtung-wandern-ist-nach-dem-letzten-sturm-in-den-ostalpen-aberaten\\\/#breadcrumb\",\"itemListElement\":[{\"@type\":\"ListItem\",\"position\":1,\"name\":\"Home\",\"item\":\"https:\\\/\\\/www.geoparcoalpicarniche.org\\\/de\\\/\"},{\"@type\":\"ListItem\",\"position\":2,\"name\":\"Achtung! Wandern ist nach dem letzten Sturm in den Ostalpen abgeraten\"}]},{\"@type\":\"WebSite\",\"@id\":\"https:\\\/\\\/www.geoparcoalpicarniche.org\\\/de\\\/#website\",\"url\":\"https:\\\/\\\/www.geoparcoalpicarniche.org\\\/de\\\/\",\"name\":\"Geoparco Alpi Carniche\",\"description\":\"Custode del patrimonio geologico transfrontaliero\",\"potentialAction\":[{\"@type\":\"SearchAction\",\"target\":{\"@type\":\"EntryPoint\",\"urlTemplate\":\"https:\\\/\\\/www.geoparcoalpicarniche.org\\\/de\\\/?s={search_term_string}\"},\"query-input\":{\"@type\":\"PropertyValueSpecification\",\"valueRequired\":true,\"valueName\":\"search_term_string\"}}],\"inLanguage\":\"de-DE\"},{\"@type\":\"Person\",\"@id\":\"https:\\\/\\\/www.geoparcoalpicarniche.org\\\/de\\\/#\\\/schema\\\/person\\\/792aecb9ddcd31b0cc00dad212b54d63\",\"name\":\"Daniela De Prato\",\"image\":{\"@type\":\"ImageObject\",\"inLanguage\":\"de-DE\",\"@id\":\"https:\\\/\\\/secure.gravatar.com\\\/avatar\\\/520e88177f085d0a607e4819e57b260a0541e8dc2c786fd187de50158ed6ccf5?s=96&d=mm&r=g\",\"url\":\"https:\\\/\\\/secure.gravatar.com\\\/avatar\\\/520e88177f085d0a607e4819e57b260a0541e8dc2c786fd187de50158ed6ccf5?s=96&d=mm&r=g\",\"contentUrl\":\"https:\\\/\\\/secure.gravatar.com\\\/avatar\\\/520e88177f085d0a607e4819e57b260a0541e8dc2c786fd187de50158ed6ccf5?s=96&d=mm&r=g\",\"caption\":\"Daniela De Prato\"}}]}<\/script>\n<!-- \/ Yoast SEO plugin. -->","yoast_head_json":{"title":"Achtung! Wandern ist nach dem letzten Sturm in den Ostalpen abgeraten - Geoparco Alpi Carniche","robots":{"index":"index","follow":"follow","max-snippet":"max-snippet:-1","max-image-preview":"max-image-preview:large","max-video-preview":"max-video-preview:-1"},"canonical":"https:\/\/www.geoparcoalpicarniche.org\/de\/2018\/12\/13\/achtung-wandern-ist-nach-dem-letzten-sturm-in-den-ostalpen-aberaten\/","og_locale":"de_DE","og_type":"article","og_title":"Achtung! Wandern ist nach dem letzten Sturm in den Ostalpen abgeraten - Geoparco Alpi Carniche","og_description":"Wandern im Geopark-Gebiet ist nach dem letzten Sturm abgeraten. Zahlreiche Wanderwege sind n\u00e4mlich zerst\u00f6rt worden.","og_url":"https:\/\/www.geoparcoalpicarniche.org\/de\/2018\/12\/13\/achtung-wandern-ist-nach-dem-letzten-sturm-in-den-ostalpen-aberaten\/","og_site_name":"Geoparco Alpi Carniche","article_published_time":"2018-12-13T08:03:13+00:00","article_modified_time":"2018-12-13T08:40:05+00:00","og_image":[{"width":1552,"height":1140,"url":"https:\/\/www.geoparcoalpicarniche.org\/wp-content\/uploads\/2018\/11\/alberi-1.jpg","type":"image\/jpeg"}],"author":"Daniela De Prato","twitter_card":"summary_large_image","twitter_misc":{"Verfasst von":"Daniela De Prato"},"schema":{"@context":"https:\/\/schema.org","@graph":[{"@type":"Article","@id":"https:\/\/www.geoparcoalpicarniche.org\/de\/2018\/12\/13\/achtung-wandern-ist-nach-dem-letzten-sturm-in-den-ostalpen-aberaten\/#article","isPartOf":{"@id":"https:\/\/www.geoparcoalpicarniche.org\/de\/2018\/12\/13\/achtung-wandern-ist-nach-dem-letzten-sturm-in-den-ostalpen-aberaten\/"},"author":{"name":"Daniela De Prato","@id":"https:\/\/www.geoparcoalpicarniche.org\/de\/#\/schema\/person\/792aecb9ddcd31b0cc00dad212b54d63"},"headline":"Achtung! Wandern ist nach dem letzten Sturm in den Ostalpen abgeraten","datePublished":"2018-12-13T08:03:13+00:00","dateModified":"2018-12-13T08:40:05+00:00","mainEntityOfPage":{"@id":"https:\/\/www.geoparcoalpicarniche.org\/de\/2018\/12\/13\/achtung-wandern-ist-nach-dem-letzten-sturm-in-den-ostalpen-aberaten\/"},"wordCount":98,"image":{"@id":"https:\/\/www.geoparcoalpicarniche.org\/de\/2018\/12\/13\/achtung-wandern-ist-nach-dem-letzten-sturm-in-den-ostalpen-aberaten\/#primaryimage"},"thumbnailUrl":"https:\/\/www.geoparcoalpicarniche.org\/wp-content\/uploads\/2018\/11\/alberi-1.jpg","articleSection":["News","News aus dem Geopark"],"inLanguage":"de-DE"},{"@type":"WebPage","@id":"https:\/\/www.geoparcoalpicarniche.org\/de\/2018\/12\/13\/achtung-wandern-ist-nach-dem-letzten-sturm-in-den-ostalpen-aberaten\/","url":"https:\/\/www.geoparcoalpicarniche.org\/de\/2018\/12\/13\/achtung-wandern-ist-nach-dem-letzten-sturm-in-den-ostalpen-aberaten\/","name":"Achtung! Wandern ist nach dem letzten Sturm in den Ostalpen abgeraten - Geoparco Alpi Carniche","isPartOf":{"@id":"https:\/\/www.geoparcoalpicarniche.org\/de\/#website"},"primaryImageOfPage":{"@id":"https:\/\/www.geoparcoalpicarniche.org\/de\/2018\/12\/13\/achtung-wandern-ist-nach-dem-letzten-sturm-in-den-ostalpen-aberaten\/#primaryimage"},"image":{"@id":"https:\/\/www.geoparcoalpicarniche.org\/de\/2018\/12\/13\/achtung-wandern-ist-nach-dem-letzten-sturm-in-den-ostalpen-aberaten\/#primaryimage"},"thumbnailUrl":"https:\/\/www.geoparcoalpicarniche.org\/wp-content\/uploads\/2018\/11\/alberi-1.jpg","datePublished":"2018-12-13T08:03:13+00:00","dateModified":"2018-12-13T08:40:05+00:00","author":{"@id":"https:\/\/www.geoparcoalpicarniche.org\/de\/#\/schema\/person\/792aecb9ddcd31b0cc00dad212b54d63"},"breadcrumb":{"@id":"https:\/\/www.geoparcoalpicarniche.org\/de\/2018\/12\/13\/achtung-wandern-ist-nach-dem-letzten-sturm-in-den-ostalpen-aberaten\/#breadcrumb"},"inLanguage":"de-DE","potentialAction":[{"@type":"ReadAction","target":["https:\/\/www.geoparcoalpicarniche.org\/de\/2018\/12\/13\/achtung-wandern-ist-nach-dem-letzten-sturm-in-den-ostalpen-aberaten\/"]}]},{"@type":"ImageObject","inLanguage":"de-DE","@id":"https:\/\/www.geoparcoalpicarniche.org\/de\/2018\/12\/13\/achtung-wandern-ist-nach-dem-letzten-sturm-in-den-ostalpen-aberaten\/#primaryimage","url":"https:\/\/www.geoparcoalpicarniche.org\/wp-content\/uploads\/2018\/11\/alberi-1.jpg","contentUrl":"https:\/\/www.geoparcoalpicarniche.org\/wp-content\/uploads\/2018\/11\/alberi-1.jpg","width":1552,"height":1140},{"@type":"BreadcrumbList","@id":"https:\/\/www.geoparcoalpicarniche.org\/de\/2018\/12\/13\/achtung-wandern-ist-nach-dem-letzten-sturm-in-den-ostalpen-aberaten\/#breadcrumb","itemListElement":[{"@type":"ListItem","position":1,"name":"Home","item":"https:\/\/www.geoparcoalpicarniche.org\/de\/"},{"@type":"ListItem","position":2,"name":"Achtung! Wandern ist nach dem letzten Sturm in den Ostalpen abgeraten"}]},{"@type":"WebSite","@id":"https:\/\/www.geoparcoalpicarniche.org\/de\/#website","url":"https:\/\/www.geoparcoalpicarniche.org\/de\/","name":"Geoparco Alpi Carniche","description":"Custode del patrimonio geologico transfrontaliero","potentialAction":[{"@type":"SearchAction","target":{"@type":"EntryPoint","urlTemplate":"https:\/\/www.geoparcoalpicarniche.org\/de\/?s={search_term_string}"},"query-input":{"@type":"PropertyValueSpecification","valueRequired":true,"valueName":"search_term_string"}}],"inLanguage":"de-DE"},{"@type":"Person","@id":"https:\/\/www.geoparcoalpicarniche.org\/de\/#\/schema\/person\/792aecb9ddcd31b0cc00dad212b54d63","name":"Daniela De Prato","image":{"@type":"ImageObject","inLanguage":"de-DE","@id":"https:\/\/secure.gravatar.com\/avatar\/520e88177f085d0a607e4819e57b260a0541e8dc2c786fd187de50158ed6ccf5?s=96&d=mm&r=g","url":"https:\/\/secure.gravatar.com\/avatar\/520e88177f085d0a607e4819e57b260a0541e8dc2c786fd187de50158ed6ccf5?s=96&d=mm&r=g","contentUrl":"https:\/\/secure.gravatar.com\/avatar\/520e88177f085d0a607e4819e57b260a0541e8dc2c786fd187de50158ed6ccf5?s=96&d=mm&r=g","caption":"Daniela De Prato"}}]}},"_links":{"self":[{"href":"https:\/\/www.geoparcoalpicarniche.org\/de\/wp-json\/wp\/v2\/posts\/9758","targetHints":{"allow":["GET"]}}],"collection":[{"href":"https:\/\/www.geoparcoalpicarniche.org\/de\/wp-json\/wp\/v2\/posts"}],"about":[{"href":"https:\/\/www.geoparcoalpicarniche.org\/de\/wp-json\/wp\/v2\/types\/post"}],"author":[{"embeddable":true,"href":"https:\/\/www.geoparcoalpicarniche.org\/de\/wp-json\/wp\/v2\/users\/3"}],"replies":[{"embeddable":true,"href":"https:\/\/www.geoparcoalpicarniche.org\/de\/wp-json\/wp\/v2\/comments?post=9758"}],"version-history":[{"count":3,"href":"https:\/\/www.geoparcoalpicarniche.org\/de\/wp-json\/wp\/v2\/posts\/9758\/revisions"}],"predecessor-version":[{"id":9762,"href":"https:\/\/www.geoparcoalpicarniche.org\/de\/wp-json\/wp\/v2\/posts\/9758\/revisions\/9762"}],"wp:featuredmedia":[{"embeddable":true,"href":"https:\/\/www.geoparcoalpicarniche.org\/de\/wp-json\/wp\/v2\/media\/9716"}],"wp:attachment":[{"href":"https:\/\/www.geoparcoalpicarniche.org\/de\/wp-json\/wp\/v2\/media?parent=9758"}],"wp:term":[{"taxonomy":"category","embeddable":true,"href":"https:\/\/www.geoparcoalpicarniche.org\/de\/wp-json\/wp\/v2\/categories?post=9758"},{"taxonomy":"post_tag","embeddable":true,"href":"https:\/\/www.geoparcoalpicarniche.org\/de\/wp-json\/wp\/v2\/tags?post=9758"}],"curies":[{"name":"wp","href":"https:\/\/api.w.org\/{rel}","templated":true}]}}