{"id":6557,"date":"2018-03-07T17:35:24","date_gmt":"2018-03-07T16:35:24","guid":{"rendered":"https:\/\/www.geoparcoalpicarniche.org\/?p=6557"},"modified":"2018-04-26T11:38:21","modified_gmt":"2018-04-26T09:38:21","slug":"geoescursione-ai-campanili-del-lander","status":"publish","type":"post","link":"https:\/\/www.geoparcoalpicarniche.org\/de\/2018\/03\/07\/geoescursione-ai-campanili-del-lander\/","title":{"rendered":"Geoexkursion &#8211; die T\u00fcrme des Landers"},"content":{"rendered":"<p>Sonntag, den 1. Oktober 2018 um 9.00 Uhr, Abfahrt von der pal\u00e4ontologischen Ausstellung in Arta zu den T\u00fcrmen des Landers, im Gebiet von Monte Cucco.<br \/>\n<!--more--><br \/>\nDie Geoexkursion wird vom Geologen Antonio Cossutta gef\u00fchrt. Die Erkl\u00e4rungen werden in der italienischen Sprache gegeben.<\/p>\n<p>Die Teilnahme ist frei.<br \/>\nKontakt und Buchung: +39 0433 487779.<\/p>\n<p><a href=\"\/wp-content\/uploads\/2018\/01\/2017.10.01_Geoesc_Lander.pdf\" target=\"_blank\" rel=\"noopener\">Download Beschreibung (file .pdf &#8211; 629KB)<\/a><\/p>\n","protected":false},"excerpt":{"rendered":"<p>Sonntag, den 1. Oktober 2018 um 9.00 Uhr, Abfahrt von der pal\u00e4ontologischen Ausstellung in Arta zu den T\u00fcrmen des Landers, im Gebiet von Monte Cucco.<\/p>\n","protected":false},"author":2,"featured_media":2767,"comment_status":"closed","ping_status":"closed","sticky":false,"template":"","format":"standard","meta":{"_acf_changed":false,"inline_featured_image":false,"ngg_post_thumbnail":0,"footnotes":""},"categories":[255],"tags":[],"class_list":{"0":"post-6557","1":"post","2":"type-post","3":"status-publish","4":"format-standard","5":"has-post-thumbnail","7":"category-geoexkursionen","8":"clearfix","9":"article"},"acf":[],"yoast_head":"<!-- This site is optimized with the Yoast SEO plugin v27.4 - https:\/\/yoast.com\/product\/yoast-seo-wordpress\/ -->\n<title>Geoexkursion - die T\u00fcrme des Landers - Geoparco Alpi Carniche<\/title>\n<meta name=\"robots\" content=\"index, follow, max-snippet:-1, max-image-preview:large, max-video-preview:-1\" \/>\n<link rel=\"canonical\" href=\"https:\/\/www.geoparcoalpicarniche.org\/de\/2018\/03\/07\/geoescursione-ai-campanili-del-lander\/\" \/>\n<meta property=\"og:locale\" content=\"de_DE\" \/>\n<meta property=\"og:type\" content=\"article\" \/>\n<meta property=\"og:title\" content=\"Geoexkursion - die T\u00fcrme des Landers - Geoparco Alpi Carniche\" \/>\n<meta property=\"og:description\" content=\"Sonntag, den 1. Oktober 2018 um 9.00 Uhr, Abfahrt von der pal\u00e4ontologischen Ausstellung in Arta zu den T\u00fcrmen des Landers, im Gebiet von Monte Cucco.\" \/>\n<meta property=\"og:url\" content=\"https:\/\/www.geoparcoalpicarniche.org\/de\/2018\/03\/07\/geoescursione-ai-campanili-del-lander\/\" \/>\n<meta property=\"og:site_name\" content=\"Geoparco Alpi Carniche\" \/>\n<meta property=\"article:published_time\" content=\"2018-03-07T16:35:24+00:00\" \/>\n<meta property=\"article:modified_time\" content=\"2018-04-26T09:38:21+00:00\" \/>\n<meta property=\"og:image\" content=\"https:\/\/www.geoparcoalpicarniche.org\/wp-content\/uploads\/2017\/01\/2017.10.01_Lander-1024x478.jpg\" \/>\n\t<meta property=\"og:image:width\" content=\"1024\" \/>\n\t<meta property=\"og:image:height\" content=\"478\" \/>\n\t<meta property=\"og:image:type\" content=\"image\/jpeg\" \/>\n<meta name=\"author\" content=\"omnia\" \/>\n<meta name=\"twitter:card\" content=\"summary_large_image\" \/>\n<meta name=\"twitter:label1\" content=\"Verfasst von\" \/>\n\t<meta name=\"twitter:data1\" content=\"omnia\" \/>\n<script type=\"application\/ld+json\" class=\"yoast-schema-graph\">{\"@context\":\"https:\\\/\\\/schema.org\",\"@graph\":[{\"@type\":\"Article\",\"@id\":\"https:\\\/\\\/www.geoparcoalpicarniche.org\\\/de\\\/2018\\\/03\\\/07\\\/geoescursione-ai-campanili-del-lander\\\/#article\",\"isPartOf\":{\"@id\":\"https:\\\/\\\/www.geoparcoalpicarniche.org\\\/de\\\/2018\\\/03\\\/07\\\/geoescursione-ai-campanili-del-lander\\\/\"},\"author\":{\"name\":\"omnia\",\"@id\":\"https:\\\/\\\/www.geoparcoalpicarniche.org\\\/de\\\/#\\\/schema\\\/person\\\/155373b0d85e3cf3d13b3034879a52bf\"},\"headline\":\"Geoexkursion &#8211; die T\u00fcrme des Landers\",\"datePublished\":\"2018-03-07T16:35:24+00:00\",\"dateModified\":\"2018-04-26T09:38:21+00:00\",\"mainEntityOfPage\":{\"@id\":\"https:\\\/\\\/www.geoparcoalpicarniche.org\\\/de\\\/2018\\\/03\\\/07\\\/geoescursione-ai-campanili-del-lander\\\/\"},\"wordCount\":62,\"image\":{\"@id\":\"https:\\\/\\\/www.geoparcoalpicarniche.org\\\/de\\\/2018\\\/03\\\/07\\\/geoescursione-ai-campanili-del-lander\\\/#primaryimage\"},\"thumbnailUrl\":\"https:\\\/\\\/www.geoparcoalpicarniche.org\\\/wp-content\\\/uploads\\\/2017\\\/01\\\/2017.10.01_Lander.jpg\",\"articleSection\":[\"Geoexkursionen\"],\"inLanguage\":\"de-DE\"},{\"@type\":\"WebPage\",\"@id\":\"https:\\\/\\\/www.geoparcoalpicarniche.org\\\/de\\\/2018\\\/03\\\/07\\\/geoescursione-ai-campanili-del-lander\\\/\",\"url\":\"https:\\\/\\\/www.geoparcoalpicarniche.org\\\/de\\\/2018\\\/03\\\/07\\\/geoescursione-ai-campanili-del-lander\\\/\",\"name\":\"Geoexkursion - die T\u00fcrme des Landers - Geoparco Alpi Carniche\",\"isPartOf\":{\"@id\":\"https:\\\/\\\/www.geoparcoalpicarniche.org\\\/de\\\/#website\"},\"primaryImageOfPage\":{\"@id\":\"https:\\\/\\\/www.geoparcoalpicarniche.org\\\/de\\\/2018\\\/03\\\/07\\\/geoescursione-ai-campanili-del-lander\\\/#primaryimage\"},\"image\":{\"@id\":\"https:\\\/\\\/www.geoparcoalpicarniche.org\\\/de\\\/2018\\\/03\\\/07\\\/geoescursione-ai-campanili-del-lander\\\/#primaryimage\"},\"thumbnailUrl\":\"https:\\\/\\\/www.geoparcoalpicarniche.org\\\/wp-content\\\/uploads\\\/2017\\\/01\\\/2017.10.01_Lander.jpg\",\"datePublished\":\"2018-03-07T16:35:24+00:00\",\"dateModified\":\"2018-04-26T09:38:21+00:00\",\"author\":{\"@id\":\"https:\\\/\\\/www.geoparcoalpicarniche.org\\\/de\\\/#\\\/schema\\\/person\\\/155373b0d85e3cf3d13b3034879a52bf\"},\"breadcrumb\":{\"@id\":\"https:\\\/\\\/www.geoparcoalpicarniche.org\\\/de\\\/2018\\\/03\\\/07\\\/geoescursione-ai-campanili-del-lander\\\/#breadcrumb\"},\"inLanguage\":\"de-DE\",\"potentialAction\":[{\"@type\":\"ReadAction\",\"target\":[\"https:\\\/\\\/www.geoparcoalpicarniche.org\\\/de\\\/2018\\\/03\\\/07\\\/geoescursione-ai-campanili-del-lander\\\/\"]}]},{\"@type\":\"ImageObject\",\"inLanguage\":\"de-DE\",\"@id\":\"https:\\\/\\\/www.geoparcoalpicarniche.org\\\/de\\\/2018\\\/03\\\/07\\\/geoescursione-ai-campanili-del-lander\\\/#primaryimage\",\"url\":\"https:\\\/\\\/www.geoparcoalpicarniche.org\\\/wp-content\\\/uploads\\\/2017\\\/01\\\/2017.10.01_Lander.jpg\",\"contentUrl\":\"https:\\\/\\\/www.geoparcoalpicarniche.org\\\/wp-content\\\/uploads\\\/2017\\\/01\\\/2017.10.01_Lander.jpg\",\"width\":5232,\"height\":2440,\"caption\":\"Geoescursione campanili del Lander\"},{\"@type\":\"BreadcrumbList\",\"@id\":\"https:\\\/\\\/www.geoparcoalpicarniche.org\\\/de\\\/2018\\\/03\\\/07\\\/geoescursione-ai-campanili-del-lander\\\/#breadcrumb\",\"itemListElement\":[{\"@type\":\"ListItem\",\"position\":1,\"name\":\"Home\",\"item\":\"https:\\\/\\\/www.geoparcoalpicarniche.org\\\/de\\\/\"},{\"@type\":\"ListItem\",\"position\":2,\"name\":\"Geoexkursion &#8211; die T\u00fcrme des Landers\"}]},{\"@type\":\"WebSite\",\"@id\":\"https:\\\/\\\/www.geoparcoalpicarniche.org\\\/de\\\/#website\",\"url\":\"https:\\\/\\\/www.geoparcoalpicarniche.org\\\/de\\\/\",\"name\":\"Geoparco Alpi Carniche\",\"description\":\"Custode del patrimonio geologico transfrontaliero\",\"potentialAction\":[{\"@type\":\"SearchAction\",\"target\":{\"@type\":\"EntryPoint\",\"urlTemplate\":\"https:\\\/\\\/www.geoparcoalpicarniche.org\\\/de\\\/?s={search_term_string}\"},\"query-input\":{\"@type\":\"PropertyValueSpecification\",\"valueRequired\":true,\"valueName\":\"search_term_string\"}}],\"inLanguage\":\"de-DE\"},{\"@type\":\"Person\",\"@id\":\"https:\\\/\\\/www.geoparcoalpicarniche.org\\\/de\\\/#\\\/schema\\\/person\\\/155373b0d85e3cf3d13b3034879a52bf\",\"name\":\"omnia\",\"image\":{\"@type\":\"ImageObject\",\"inLanguage\":\"de-DE\",\"@id\":\"https:\\\/\\\/secure.gravatar.com\\\/avatar\\\/718acb0f339ecfad8eef6a5c4e8de9b7351580cb5cc7472ee7a5ba4bd0ad005c?s=96&d=mm&r=g\",\"url\":\"https:\\\/\\\/secure.gravatar.com\\\/avatar\\\/718acb0f339ecfad8eef6a5c4e8de9b7351580cb5cc7472ee7a5ba4bd0ad005c?s=96&d=mm&r=g\",\"contentUrl\":\"https:\\\/\\\/secure.gravatar.com\\\/avatar\\\/718acb0f339ecfad8eef6a5c4e8de9b7351580cb5cc7472ee7a5ba4bd0ad005c?s=96&d=mm&r=g\",\"caption\":\"omnia\"}}]}<\/script>\n<!-- \/ Yoast SEO plugin. -->","yoast_head_json":{"title":"Geoexkursion - die T\u00fcrme des Landers - Geoparco Alpi Carniche","robots":{"index":"index","follow":"follow","max-snippet":"max-snippet:-1","max-image-preview":"max-image-preview:large","max-video-preview":"max-video-preview:-1"},"canonical":"https:\/\/www.geoparcoalpicarniche.org\/de\/2018\/03\/07\/geoescursione-ai-campanili-del-lander\/","og_locale":"de_DE","og_type":"article","og_title":"Geoexkursion - die T\u00fcrme des Landers - Geoparco Alpi Carniche","og_description":"Sonntag, den 1. Oktober 2018 um 9.00 Uhr, Abfahrt von der pal\u00e4ontologischen Ausstellung in Arta zu den T\u00fcrmen des Landers, im Gebiet von Monte Cucco.","og_url":"https:\/\/www.geoparcoalpicarniche.org\/de\/2018\/03\/07\/geoescursione-ai-campanili-del-lander\/","og_site_name":"Geoparco Alpi Carniche","article_published_time":"2018-03-07T16:35:24+00:00","article_modified_time":"2018-04-26T09:38:21+00:00","og_image":[{"width":1024,"height":478,"url":"https:\/\/www.geoparcoalpicarniche.org\/wp-content\/uploads\/2017\/01\/2017.10.01_Lander-1024x478.jpg","type":"image\/jpeg"}],"author":"omnia","twitter_card":"summary_large_image","twitter_misc":{"Verfasst von":"omnia"},"schema":{"@context":"https:\/\/schema.org","@graph":[{"@type":"Article","@id":"https:\/\/www.geoparcoalpicarniche.org\/de\/2018\/03\/07\/geoescursione-ai-campanili-del-lander\/#article","isPartOf":{"@id":"https:\/\/www.geoparcoalpicarniche.org\/de\/2018\/03\/07\/geoescursione-ai-campanili-del-lander\/"},"author":{"name":"omnia","@id":"https:\/\/www.geoparcoalpicarniche.org\/de\/#\/schema\/person\/155373b0d85e3cf3d13b3034879a52bf"},"headline":"Geoexkursion &#8211; die T\u00fcrme des Landers","datePublished":"2018-03-07T16:35:24+00:00","dateModified":"2018-04-26T09:38:21+00:00","mainEntityOfPage":{"@id":"https:\/\/www.geoparcoalpicarniche.org\/de\/2018\/03\/07\/geoescursione-ai-campanili-del-lander\/"},"wordCount":62,"image":{"@id":"https:\/\/www.geoparcoalpicarniche.org\/de\/2018\/03\/07\/geoescursione-ai-campanili-del-lander\/#primaryimage"},"thumbnailUrl":"https:\/\/www.geoparcoalpicarniche.org\/wp-content\/uploads\/2017\/01\/2017.10.01_Lander.jpg","articleSection":["Geoexkursionen"],"inLanguage":"de-DE"},{"@type":"WebPage","@id":"https:\/\/www.geoparcoalpicarniche.org\/de\/2018\/03\/07\/geoescursione-ai-campanili-del-lander\/","url":"https:\/\/www.geoparcoalpicarniche.org\/de\/2018\/03\/07\/geoescursione-ai-campanili-del-lander\/","name":"Geoexkursion - die T\u00fcrme des Landers - Geoparco Alpi Carniche","isPartOf":{"@id":"https:\/\/www.geoparcoalpicarniche.org\/de\/#website"},"primaryImageOfPage":{"@id":"https:\/\/www.geoparcoalpicarniche.org\/de\/2018\/03\/07\/geoescursione-ai-campanili-del-lander\/#primaryimage"},"image":{"@id":"https:\/\/www.geoparcoalpicarniche.org\/de\/2018\/03\/07\/geoescursione-ai-campanili-del-lander\/#primaryimage"},"thumbnailUrl":"https:\/\/www.geoparcoalpicarniche.org\/wp-content\/uploads\/2017\/01\/2017.10.01_Lander.jpg","datePublished":"2018-03-07T16:35:24+00:00","dateModified":"2018-04-26T09:38:21+00:00","author":{"@id":"https:\/\/www.geoparcoalpicarniche.org\/de\/#\/schema\/person\/155373b0d85e3cf3d13b3034879a52bf"},"breadcrumb":{"@id":"https:\/\/www.geoparcoalpicarniche.org\/de\/2018\/03\/07\/geoescursione-ai-campanili-del-lander\/#breadcrumb"},"inLanguage":"de-DE","potentialAction":[{"@type":"ReadAction","target":["https:\/\/www.geoparcoalpicarniche.org\/de\/2018\/03\/07\/geoescursione-ai-campanili-del-lander\/"]}]},{"@type":"ImageObject","inLanguage":"de-DE","@id":"https:\/\/www.geoparcoalpicarniche.org\/de\/2018\/03\/07\/geoescursione-ai-campanili-del-lander\/#primaryimage","url":"https:\/\/www.geoparcoalpicarniche.org\/wp-content\/uploads\/2017\/01\/2017.10.01_Lander.jpg","contentUrl":"https:\/\/www.geoparcoalpicarniche.org\/wp-content\/uploads\/2017\/01\/2017.10.01_Lander.jpg","width":5232,"height":2440,"caption":"Geoescursione campanili del Lander"},{"@type":"BreadcrumbList","@id":"https:\/\/www.geoparcoalpicarniche.org\/de\/2018\/03\/07\/geoescursione-ai-campanili-del-lander\/#breadcrumb","itemListElement":[{"@type":"ListItem","position":1,"name":"Home","item":"https:\/\/www.geoparcoalpicarniche.org\/de\/"},{"@type":"ListItem","position":2,"name":"Geoexkursion &#8211; die T\u00fcrme des Landers"}]},{"@type":"WebSite","@id":"https:\/\/www.geoparcoalpicarniche.org\/de\/#website","url":"https:\/\/www.geoparcoalpicarniche.org\/de\/","name":"Geoparco Alpi Carniche","description":"Custode del patrimonio geologico transfrontaliero","potentialAction":[{"@type":"SearchAction","target":{"@type":"EntryPoint","urlTemplate":"https:\/\/www.geoparcoalpicarniche.org\/de\/?s={search_term_string}"},"query-input":{"@type":"PropertyValueSpecification","valueRequired":true,"valueName":"search_term_string"}}],"inLanguage":"de-DE"},{"@type":"Person","@id":"https:\/\/www.geoparcoalpicarniche.org\/de\/#\/schema\/person\/155373b0d85e3cf3d13b3034879a52bf","name":"omnia","image":{"@type":"ImageObject","inLanguage":"de-DE","@id":"https:\/\/secure.gravatar.com\/avatar\/718acb0f339ecfad8eef6a5c4e8de9b7351580cb5cc7472ee7a5ba4bd0ad005c?s=96&d=mm&r=g","url":"https:\/\/secure.gravatar.com\/avatar\/718acb0f339ecfad8eef6a5c4e8de9b7351580cb5cc7472ee7a5ba4bd0ad005c?s=96&d=mm&r=g","contentUrl":"https:\/\/secure.gravatar.com\/avatar\/718acb0f339ecfad8eef6a5c4e8de9b7351580cb5cc7472ee7a5ba4bd0ad005c?s=96&d=mm&r=g","caption":"omnia"}}]}},"_links":{"self":[{"href":"https:\/\/www.geoparcoalpicarniche.org\/de\/wp-json\/wp\/v2\/posts\/6557","targetHints":{"allow":["GET"]}}],"collection":[{"href":"https:\/\/www.geoparcoalpicarniche.org\/de\/wp-json\/wp\/v2\/posts"}],"about":[{"href":"https:\/\/www.geoparcoalpicarniche.org\/de\/wp-json\/wp\/v2\/types\/post"}],"author":[{"embeddable":true,"href":"https:\/\/www.geoparcoalpicarniche.org\/de\/wp-json\/wp\/v2\/users\/2"}],"replies":[{"embeddable":true,"href":"https:\/\/www.geoparcoalpicarniche.org\/de\/wp-json\/wp\/v2\/comments?post=6557"}],"version-history":[{"count":3,"href":"https:\/\/www.geoparcoalpicarniche.org\/de\/wp-json\/wp\/v2\/posts\/6557\/revisions"}],"predecessor-version":[{"id":8395,"href":"https:\/\/www.geoparcoalpicarniche.org\/de\/wp-json\/wp\/v2\/posts\/6557\/revisions\/8395"}],"wp:featuredmedia":[{"embeddable":true,"href":"https:\/\/www.geoparcoalpicarniche.org\/de\/wp-json\/wp\/v2\/media\/2767"}],"wp:attachment":[{"href":"https:\/\/www.geoparcoalpicarniche.org\/de\/wp-json\/wp\/v2\/media?parent=6557"}],"wp:term":[{"taxonomy":"category","embeddable":true,"href":"https:\/\/www.geoparcoalpicarniche.org\/de\/wp-json\/wp\/v2\/categories?post=6557"},{"taxonomy":"post_tag","embeddable":true,"href":"https:\/\/www.geoparcoalpicarniche.org\/de\/wp-json\/wp\/v2\/tags?post=6557"}],"curies":[{"name":"wp","href":"https:\/\/api.w.org\/{rel}","templated":true}]}}