{"id":12874,"date":"2021-09-07T08:47:13","date_gmt":"2021-09-07T06:47:13","guid":{"rendered":"https:\/\/www.geoparcoalpicarniche.org\/?p=12874"},"modified":"2021-09-07T08:47:13","modified_gmt":"2021-09-07T06:47:13","slug":"neuigkeiten-zum-interreg-projekt-i-a-clld-heuropen-testerra-schaetze-der-erde","status":"publish","type":"post","link":"https:\/\/www.geoparcoalpicarniche.org\/de\/2021\/09\/07\/neuigkeiten-zum-interreg-projekt-i-a-clld-heuropen-testerra-schaetze-der-erde\/","title":{"rendered":"Neuigkeiten zum Interreg-Projekt I\/A \u2013 CLLD Heuropen \u201eTesTerra \u2013 Sch\u00e4tze der Erde\u201c"},"content":{"rendered":"<p>Die Forschungsarbeiten des Friaulischen Museums f\u00fcr Naturkunde zum CLLD Italien\/\u00d6sterreich TesTerra, einem Interreg-Projekt, an dem auch die Gebirgsgemeinschaft Karnien (LP), die Gebirgsgemeinschaft Canal del Ferro \u2013 Val Canale und der Geopark Karnische Alpen in Dellach (A) beteiligt sind, gehen weiter.<\/p>\n<p>Das Projekt TesTerra hat das Ziel, einen Aspekt des geologischen Erbes der Karnischen Alpen mit gro\u00dfem Potenzial, u. a. im touristischen Bereich, aufzuwerten, und zwar die Bodensch\u00e4tze und Bergwerke: nicht nur als geologische St\u00e4tten, sondern auch hinsichtlich Geschichte, Kultur und Verh\u00e4ltnis zwischen Mensch und Territorium.<\/p>\n<p>Am 18. Juli fuhren die Forscher des Museums, in Zusammenarbeit mit dem Friaulischen H\u00f6hlenforscher- und Hydrologen-Verein, ins Val Canale, genauer gesagt nach Pietratagliata, am Rio Gelovitz, wo in der Vergangenheit H\u00e4matit- und Limonitbl\u00f6cke mit einem Gewicht von \u00fcber 5 kg gefunden worden waren.<\/p>\n<p>In diesem Gebiet befanden sich mehrere Bergwerke, die wahrscheinlich zwischen dem 19. und dem fr\u00fchen 20. Jahrhundert zur Gewinnung von Eisenerzen genutzt und sp\u00e4ter aufgegeben wurden, da aus ihnen nur wenig Erz von geringer Qualit\u00e4t herauszuholen war.<\/p>\n<p>Durch die \u00fcppige Vegetation, das unwegsame Gel\u00e4nde und das Fehlen von Wegen gestaltete sich das Erreichen der Stollen, die auch anhand von Hinweisen einiger Dorfbewohner gefunden werden konnten, besonders schwierig. Die Zug\u00e4nge waren inzwischen zum gro\u00dfen Teil durch Ger\u00f6ll, abgerutschtes Gesteinsmaterial und Vegetation verdeckt, es war aber dennoch m\u00f6glich, in einige dieser Stollen einzusteigen und die f\u00fcr das Projekt n\u00f6tige Dokumentation zu erstellen.<\/p>\n<p>Weitere Informationen: Miniere e mineralizzazioni nella Provincia di Udine. Aspetti storici e mineralogici \u2013 Roberto Zucchini, 1998 (nur auf Italienisch verf\u00fcgbar).<\/p>\n<p><a href=\"https:\/\/www.geoparcoalpicarniche.org\/wp-content\/uploads\/2021\/09\/3.jpg\"><img loading=\"lazy\" decoding=\"async\" class=\"alignnone size-medium wp-image-12868\" src=\"https:\/\/www.geoparcoalpicarniche.org\/wp-content\/uploads\/2021\/09\/3-240x300.jpg\" alt=\"\" width=\"240\" height=\"300\" srcset=\"https:\/\/www.geoparcoalpicarniche.org\/wp-content\/uploads\/2021\/09\/3-240x300.jpg 240w, https:\/\/www.geoparcoalpicarniche.org\/wp-content\/uploads\/2021\/09\/3-820x1024.jpg 820w, https:\/\/www.geoparcoalpicarniche.org\/wp-content\/uploads\/2021\/09\/3-768x960.jpg 768w, https:\/\/www.geoparcoalpicarniche.org\/wp-content\/uploads\/2021\/09\/3-1229x1536.jpg 1229w, https:\/\/www.geoparcoalpicarniche.org\/wp-content\/uploads\/2021\/09\/3.jpg 1427w\" sizes=\"auto, (max-width: 240px) 100vw, 240px\" \/><\/a> <a href=\"https:\/\/www.geoparcoalpicarniche.org\/wp-content\/uploads\/2021\/09\/2.jpg\"><img loading=\"lazy\" decoding=\"async\" class=\"alignnone size-medium wp-image-12865\" src=\"https:\/\/www.geoparcoalpicarniche.org\/wp-content\/uploads\/2021\/09\/2-240x300.jpg\" alt=\"\" width=\"240\" height=\"300\" srcset=\"https:\/\/www.geoparcoalpicarniche.org\/wp-content\/uploads\/2021\/09\/2-240x300.jpg 240w, https:\/\/www.geoparcoalpicarniche.org\/wp-content\/uploads\/2021\/09\/2-768x959.jpg 768w, https:\/\/www.geoparcoalpicarniche.org\/wp-content\/uploads\/2021\/09\/2.jpg 788w\" sizes=\"auto, (max-width: 240px) 100vw, 240px\" \/><\/a> <a href=\"https:\/\/www.geoparcoalpicarniche.org\/wp-content\/uploads\/2021\/09\/1.jpg\"><img loading=\"lazy\" decoding=\"async\" class=\"alignnone size-medium wp-image-12862\" src=\"https:\/\/www.geoparcoalpicarniche.org\/wp-content\/uploads\/2021\/09\/1-240x300.jpg\" alt=\"\" width=\"240\" height=\"300\" srcset=\"https:\/\/www.geoparcoalpicarniche.org\/wp-content\/uploads\/2021\/09\/1-240x300.jpg 240w, https:\/\/www.geoparcoalpicarniche.org\/wp-content\/uploads\/2021\/09\/1-768x959.jpg 768w, https:\/\/www.geoparcoalpicarniche.org\/wp-content\/uploads\/2021\/09\/1.jpg 788w\" sizes=\"auto, (max-width: 240px) 100vw, 240px\" \/><\/a><\/p>\n","protected":false},"excerpt":{"rendered":"<p>Die Forschungsarbeiten des Friaulischen Museums f\u00fcr Naturkunde zum CLLD Italien\/\u00d6sterreich TesTerra, einem Interreg-Projekt, an dem auch die Gebirgsgemeinschaft Karnien (LP), die Gebirgsgemeinschaft Canal del Ferro \u2013 Val Canale und der Geopark Karnische Alpen in Dellach (A) beteiligt sind, gehen weiter.<\/p>\n","protected":false},"author":3,"featured_media":12871,"comment_status":"closed","ping_status":"closed","sticky":false,"template":"","format":"standard","meta":{"_acf_changed":false,"inline_featured_image":false,"ngg_post_thumbnail":0,"footnotes":""},"categories":[266,258],"tags":[],"class_list":{"0":"post-12874","1":"post","2":"type-post","3":"status-publish","4":"format-standard","5":"has-post-thumbnail","7":"category-aktivitaeten","8":"category-news-aus-dem-geopark","9":"clearfix","10":"article"},"acf":[],"yoast_head":"<!-- This site is optimized with the Yoast SEO plugin v27.5 - https:\/\/yoast.com\/product\/yoast-seo-wordpress\/ -->\n<title>Neuigkeiten zum Interreg-Projekt I\/A \u2013 CLLD Heuropen \u201eTesTerra \u2013 Sch\u00e4tze der Erde\u201c - Geoparco Alpi Carniche<\/title>\n<meta name=\"robots\" content=\"index, follow, max-snippet:-1, max-image-preview:large, max-video-preview:-1\" \/>\n<link rel=\"canonical\" href=\"https:\/\/www.geoparcoalpicarniche.org\/de\/2021\/09\/07\/neuigkeiten-zum-interreg-projekt-i-a-clld-heuropen-testerra-schaetze-der-erde\/\" \/>\n<meta property=\"og:locale\" content=\"de_DE\" \/>\n<meta property=\"og:type\" content=\"article\" \/>\n<meta property=\"og:title\" content=\"Neuigkeiten zum Interreg-Projekt I\/A \u2013 CLLD Heuropen \u201eTesTerra \u2013 Sch\u00e4tze der Erde\u201c - Geoparco Alpi Carniche\" \/>\n<meta property=\"og:description\" content=\"Die Forschungsarbeiten des Friaulischen Museums f\u00fcr Naturkunde zum CLLD Italien\/\u00d6sterreich TesTerra, einem Interreg-Projekt, an dem auch die Gebirgsgemeinschaft Karnien (LP), die Gebirgsgemeinschaft Canal del Ferro \u2013 Val Canale und der Geopark Karnische Alpen in Dellach (A) beteiligt sind, gehen weiter.\" \/>\n<meta property=\"og:url\" content=\"https:\/\/www.geoparcoalpicarniche.org\/de\/2021\/09\/07\/neuigkeiten-zum-interreg-projekt-i-a-clld-heuropen-testerra-schaetze-der-erde\/\" \/>\n<meta property=\"og:site_name\" content=\"Geoparco Alpi Carniche\" \/>\n<meta property=\"article:published_time\" content=\"2021-09-07T06:47:13+00:00\" \/>\n<meta property=\"og:image\" content=\"https:\/\/www.geoparcoalpicarniche.org\/wp-content\/uploads\/2021\/09\/pramosio2-e1630663984724.jpg\" \/>\n\t<meta property=\"og:image:width\" content=\"2599\" \/>\n\t<meta property=\"og:image:height\" content=\"4007\" \/>\n\t<meta property=\"og:image:type\" content=\"image\/jpeg\" \/>\n<meta name=\"author\" content=\"Daniela De Prato\" \/>\n<meta name=\"twitter:card\" content=\"summary_large_image\" \/>\n<meta name=\"twitter:label1\" content=\"Verfasst von\" \/>\n\t<meta name=\"twitter:data1\" content=\"Daniela De Prato\" \/>\n\t<meta name=\"twitter:label2\" content=\"Gesch\u00e4tzte Lesezeit\" \/>\n\t<meta name=\"twitter:data2\" content=\"1 minute\" \/>\n<script type=\"application\/ld+json\" class=\"yoast-schema-graph\">{\"@context\":\"https:\\\/\\\/schema.org\",\"@graph\":[{\"@type\":\"Article\",\"@id\":\"https:\\\/\\\/www.geoparcoalpicarniche.org\\\/de\\\/2021\\\/09\\\/07\\\/neuigkeiten-zum-interreg-projekt-i-a-clld-heuropen-testerra-schaetze-der-erde\\\/#article\",\"isPartOf\":{\"@id\":\"https:\\\/\\\/www.geoparcoalpicarniche.org\\\/de\\\/2021\\\/09\\\/07\\\/neuigkeiten-zum-interreg-projekt-i-a-clld-heuropen-testerra-schaetze-der-erde\\\/\"},\"author\":{\"name\":\"Daniela De Prato\",\"@id\":\"https:\\\/\\\/www.geoparcoalpicarniche.org\\\/de\\\/#\\\/schema\\\/person\\\/792aecb9ddcd31b0cc00dad212b54d63\"},\"headline\":\"Neuigkeiten zum Interreg-Projekt I\\\/A \u2013 CLLD Heuropen \u201eTesTerra \u2013 Sch\u00e4tze der Erde\u201c\",\"datePublished\":\"2021-09-07T06:47:13+00:00\",\"mainEntityOfPage\":{\"@id\":\"https:\\\/\\\/www.geoparcoalpicarniche.org\\\/de\\\/2021\\\/09\\\/07\\\/neuigkeiten-zum-interreg-projekt-i-a-clld-heuropen-testerra-schaetze-der-erde\\\/\"},\"wordCount\":274,\"image\":{\"@id\":\"https:\\\/\\\/www.geoparcoalpicarniche.org\\\/de\\\/2021\\\/09\\\/07\\\/neuigkeiten-zum-interreg-projekt-i-a-clld-heuropen-testerra-schaetze-der-erde\\\/#primaryimage\"},\"thumbnailUrl\":\"https:\\\/\\\/www.geoparcoalpicarniche.org\\\/wp-content\\\/uploads\\\/2021\\\/09\\\/pramosio2-e1630663984724.jpg\",\"articleSection\":[\"Aktivit\u00e4ten\",\"News aus dem Geopark\"],\"inLanguage\":\"de-DE\"},{\"@type\":\"WebPage\",\"@id\":\"https:\\\/\\\/www.geoparcoalpicarniche.org\\\/de\\\/2021\\\/09\\\/07\\\/neuigkeiten-zum-interreg-projekt-i-a-clld-heuropen-testerra-schaetze-der-erde\\\/\",\"url\":\"https:\\\/\\\/www.geoparcoalpicarniche.org\\\/de\\\/2021\\\/09\\\/07\\\/neuigkeiten-zum-interreg-projekt-i-a-clld-heuropen-testerra-schaetze-der-erde\\\/\",\"name\":\"Neuigkeiten zum Interreg-Projekt I\\\/A \u2013 CLLD Heuropen \u201eTesTerra \u2013 Sch\u00e4tze der Erde\u201c - Geoparco Alpi Carniche\",\"isPartOf\":{\"@id\":\"https:\\\/\\\/www.geoparcoalpicarniche.org\\\/de\\\/#website\"},\"primaryImageOfPage\":{\"@id\":\"https:\\\/\\\/www.geoparcoalpicarniche.org\\\/de\\\/2021\\\/09\\\/07\\\/neuigkeiten-zum-interreg-projekt-i-a-clld-heuropen-testerra-schaetze-der-erde\\\/#primaryimage\"},\"image\":{\"@id\":\"https:\\\/\\\/www.geoparcoalpicarniche.org\\\/de\\\/2021\\\/09\\\/07\\\/neuigkeiten-zum-interreg-projekt-i-a-clld-heuropen-testerra-schaetze-der-erde\\\/#primaryimage\"},\"thumbnailUrl\":\"https:\\\/\\\/www.geoparcoalpicarniche.org\\\/wp-content\\\/uploads\\\/2021\\\/09\\\/pramosio2-e1630663984724.jpg\",\"datePublished\":\"2021-09-07T06:47:13+00:00\",\"author\":{\"@id\":\"https:\\\/\\\/www.geoparcoalpicarniche.org\\\/de\\\/#\\\/schema\\\/person\\\/792aecb9ddcd31b0cc00dad212b54d63\"},\"breadcrumb\":{\"@id\":\"https:\\\/\\\/www.geoparcoalpicarniche.org\\\/de\\\/2021\\\/09\\\/07\\\/neuigkeiten-zum-interreg-projekt-i-a-clld-heuropen-testerra-schaetze-der-erde\\\/#breadcrumb\"},\"inLanguage\":\"de-DE\",\"potentialAction\":[{\"@type\":\"ReadAction\",\"target\":[\"https:\\\/\\\/www.geoparcoalpicarniche.org\\\/de\\\/2021\\\/09\\\/07\\\/neuigkeiten-zum-interreg-projekt-i-a-clld-heuropen-testerra-schaetze-der-erde\\\/\"]}]},{\"@type\":\"ImageObject\",\"inLanguage\":\"de-DE\",\"@id\":\"https:\\\/\\\/www.geoparcoalpicarniche.org\\\/de\\\/2021\\\/09\\\/07\\\/neuigkeiten-zum-interreg-projekt-i-a-clld-heuropen-testerra-schaetze-der-erde\\\/#primaryimage\",\"url\":\"https:\\\/\\\/www.geoparcoalpicarniche.org\\\/wp-content\\\/uploads\\\/2021\\\/09\\\/pramosio2-e1630663984724.jpg\",\"contentUrl\":\"https:\\\/\\\/www.geoparcoalpicarniche.org\\\/wp-content\\\/uploads\\\/2021\\\/09\\\/pramosio2-e1630663984724.jpg\",\"width\":2599,\"height\":4007},{\"@type\":\"BreadcrumbList\",\"@id\":\"https:\\\/\\\/www.geoparcoalpicarniche.org\\\/de\\\/2021\\\/09\\\/07\\\/neuigkeiten-zum-interreg-projekt-i-a-clld-heuropen-testerra-schaetze-der-erde\\\/#breadcrumb\",\"itemListElement\":[{\"@type\":\"ListItem\",\"position\":1,\"name\":\"Home\",\"item\":\"https:\\\/\\\/www.geoparcoalpicarniche.org\\\/de\\\/\"},{\"@type\":\"ListItem\",\"position\":2,\"name\":\"Neuigkeiten zum Interreg-Projekt I\\\/A \u2013 CLLD Heuropen \u201eTesTerra \u2013 Sch\u00e4tze der Erde\u201c\"}]},{\"@type\":\"WebSite\",\"@id\":\"https:\\\/\\\/www.geoparcoalpicarniche.org\\\/de\\\/#website\",\"url\":\"https:\\\/\\\/www.geoparcoalpicarniche.org\\\/de\\\/\",\"name\":\"Geoparco Alpi Carniche\",\"description\":\"Custode del patrimonio geologico transfrontaliero\",\"potentialAction\":[{\"@type\":\"SearchAction\",\"target\":{\"@type\":\"EntryPoint\",\"urlTemplate\":\"https:\\\/\\\/www.geoparcoalpicarniche.org\\\/de\\\/?s={search_term_string}\"},\"query-input\":{\"@type\":\"PropertyValueSpecification\",\"valueRequired\":true,\"valueName\":\"search_term_string\"}}],\"inLanguage\":\"de-DE\"},{\"@type\":\"Person\",\"@id\":\"https:\\\/\\\/www.geoparcoalpicarniche.org\\\/de\\\/#\\\/schema\\\/person\\\/792aecb9ddcd31b0cc00dad212b54d63\",\"name\":\"Daniela De Prato\",\"image\":{\"@type\":\"ImageObject\",\"inLanguage\":\"de-DE\",\"@id\":\"https:\\\/\\\/secure.gravatar.com\\\/avatar\\\/520e88177f085d0a607e4819e57b260a0541e8dc2c786fd187de50158ed6ccf5?s=96&d=mm&r=g\",\"url\":\"https:\\\/\\\/secure.gravatar.com\\\/avatar\\\/520e88177f085d0a607e4819e57b260a0541e8dc2c786fd187de50158ed6ccf5?s=96&d=mm&r=g\",\"contentUrl\":\"https:\\\/\\\/secure.gravatar.com\\\/avatar\\\/520e88177f085d0a607e4819e57b260a0541e8dc2c786fd187de50158ed6ccf5?s=96&d=mm&r=g\",\"caption\":\"Daniela De Prato\"}}]}<\/script>\n<!-- \/ Yoast SEO plugin. -->","yoast_head_json":{"title":"Neuigkeiten zum Interreg-Projekt I\/A \u2013 CLLD Heuropen \u201eTesTerra \u2013 Sch\u00e4tze der Erde\u201c - Geoparco Alpi Carniche","robots":{"index":"index","follow":"follow","max-snippet":"max-snippet:-1","max-image-preview":"max-image-preview:large","max-video-preview":"max-video-preview:-1"},"canonical":"https:\/\/www.geoparcoalpicarniche.org\/de\/2021\/09\/07\/neuigkeiten-zum-interreg-projekt-i-a-clld-heuropen-testerra-schaetze-der-erde\/","og_locale":"de_DE","og_type":"article","og_title":"Neuigkeiten zum Interreg-Projekt I\/A \u2013 CLLD Heuropen \u201eTesTerra \u2013 Sch\u00e4tze der Erde\u201c - Geoparco Alpi Carniche","og_description":"Die Forschungsarbeiten des Friaulischen Museums f\u00fcr Naturkunde zum CLLD Italien\/\u00d6sterreich TesTerra, einem Interreg-Projekt, an dem auch die Gebirgsgemeinschaft Karnien (LP), die Gebirgsgemeinschaft Canal del Ferro \u2013 Val Canale und der Geopark Karnische Alpen in Dellach (A) beteiligt sind, gehen weiter.","og_url":"https:\/\/www.geoparcoalpicarniche.org\/de\/2021\/09\/07\/neuigkeiten-zum-interreg-projekt-i-a-clld-heuropen-testerra-schaetze-der-erde\/","og_site_name":"Geoparco Alpi Carniche","article_published_time":"2021-09-07T06:47:13+00:00","og_image":[{"width":2599,"height":4007,"url":"https:\/\/www.geoparcoalpicarniche.org\/wp-content\/uploads\/2021\/09\/pramosio2-e1630663984724.jpg","type":"image\/jpeg"}],"author":"Daniela De Prato","twitter_card":"summary_large_image","twitter_misc":{"Verfasst von":"Daniela De Prato","Gesch\u00e4tzte Lesezeit":"1 minute"},"schema":{"@context":"https:\/\/schema.org","@graph":[{"@type":"Article","@id":"https:\/\/www.geoparcoalpicarniche.org\/de\/2021\/09\/07\/neuigkeiten-zum-interreg-projekt-i-a-clld-heuropen-testerra-schaetze-der-erde\/#article","isPartOf":{"@id":"https:\/\/www.geoparcoalpicarniche.org\/de\/2021\/09\/07\/neuigkeiten-zum-interreg-projekt-i-a-clld-heuropen-testerra-schaetze-der-erde\/"},"author":{"name":"Daniela De Prato","@id":"https:\/\/www.geoparcoalpicarniche.org\/de\/#\/schema\/person\/792aecb9ddcd31b0cc00dad212b54d63"},"headline":"Neuigkeiten zum Interreg-Projekt I\/A \u2013 CLLD Heuropen \u201eTesTerra \u2013 Sch\u00e4tze der Erde\u201c","datePublished":"2021-09-07T06:47:13+00:00","mainEntityOfPage":{"@id":"https:\/\/www.geoparcoalpicarniche.org\/de\/2021\/09\/07\/neuigkeiten-zum-interreg-projekt-i-a-clld-heuropen-testerra-schaetze-der-erde\/"},"wordCount":274,"image":{"@id":"https:\/\/www.geoparcoalpicarniche.org\/de\/2021\/09\/07\/neuigkeiten-zum-interreg-projekt-i-a-clld-heuropen-testerra-schaetze-der-erde\/#primaryimage"},"thumbnailUrl":"https:\/\/www.geoparcoalpicarniche.org\/wp-content\/uploads\/2021\/09\/pramosio2-e1630663984724.jpg","articleSection":["Aktivit\u00e4ten","News aus dem Geopark"],"inLanguage":"de-DE"},{"@type":"WebPage","@id":"https:\/\/www.geoparcoalpicarniche.org\/de\/2021\/09\/07\/neuigkeiten-zum-interreg-projekt-i-a-clld-heuropen-testerra-schaetze-der-erde\/","url":"https:\/\/www.geoparcoalpicarniche.org\/de\/2021\/09\/07\/neuigkeiten-zum-interreg-projekt-i-a-clld-heuropen-testerra-schaetze-der-erde\/","name":"Neuigkeiten zum Interreg-Projekt I\/A \u2013 CLLD Heuropen \u201eTesTerra \u2013 Sch\u00e4tze der Erde\u201c - Geoparco Alpi Carniche","isPartOf":{"@id":"https:\/\/www.geoparcoalpicarniche.org\/de\/#website"},"primaryImageOfPage":{"@id":"https:\/\/www.geoparcoalpicarniche.org\/de\/2021\/09\/07\/neuigkeiten-zum-interreg-projekt-i-a-clld-heuropen-testerra-schaetze-der-erde\/#primaryimage"},"image":{"@id":"https:\/\/www.geoparcoalpicarniche.org\/de\/2021\/09\/07\/neuigkeiten-zum-interreg-projekt-i-a-clld-heuropen-testerra-schaetze-der-erde\/#primaryimage"},"thumbnailUrl":"https:\/\/www.geoparcoalpicarniche.org\/wp-content\/uploads\/2021\/09\/pramosio2-e1630663984724.jpg","datePublished":"2021-09-07T06:47:13+00:00","author":{"@id":"https:\/\/www.geoparcoalpicarniche.org\/de\/#\/schema\/person\/792aecb9ddcd31b0cc00dad212b54d63"},"breadcrumb":{"@id":"https:\/\/www.geoparcoalpicarniche.org\/de\/2021\/09\/07\/neuigkeiten-zum-interreg-projekt-i-a-clld-heuropen-testerra-schaetze-der-erde\/#breadcrumb"},"inLanguage":"de-DE","potentialAction":[{"@type":"ReadAction","target":["https:\/\/www.geoparcoalpicarniche.org\/de\/2021\/09\/07\/neuigkeiten-zum-interreg-projekt-i-a-clld-heuropen-testerra-schaetze-der-erde\/"]}]},{"@type":"ImageObject","inLanguage":"de-DE","@id":"https:\/\/www.geoparcoalpicarniche.org\/de\/2021\/09\/07\/neuigkeiten-zum-interreg-projekt-i-a-clld-heuropen-testerra-schaetze-der-erde\/#primaryimage","url":"https:\/\/www.geoparcoalpicarniche.org\/wp-content\/uploads\/2021\/09\/pramosio2-e1630663984724.jpg","contentUrl":"https:\/\/www.geoparcoalpicarniche.org\/wp-content\/uploads\/2021\/09\/pramosio2-e1630663984724.jpg","width":2599,"height":4007},{"@type":"BreadcrumbList","@id":"https:\/\/www.geoparcoalpicarniche.org\/de\/2021\/09\/07\/neuigkeiten-zum-interreg-projekt-i-a-clld-heuropen-testerra-schaetze-der-erde\/#breadcrumb","itemListElement":[{"@type":"ListItem","position":1,"name":"Home","item":"https:\/\/www.geoparcoalpicarniche.org\/de\/"},{"@type":"ListItem","position":2,"name":"Neuigkeiten zum Interreg-Projekt I\/A \u2013 CLLD Heuropen \u201eTesTerra \u2013 Sch\u00e4tze der Erde\u201c"}]},{"@type":"WebSite","@id":"https:\/\/www.geoparcoalpicarniche.org\/de\/#website","url":"https:\/\/www.geoparcoalpicarniche.org\/de\/","name":"Geoparco Alpi Carniche","description":"Custode del patrimonio geologico transfrontaliero","potentialAction":[{"@type":"SearchAction","target":{"@type":"EntryPoint","urlTemplate":"https:\/\/www.geoparcoalpicarniche.org\/de\/?s={search_term_string}"},"query-input":{"@type":"PropertyValueSpecification","valueRequired":true,"valueName":"search_term_string"}}],"inLanguage":"de-DE"},{"@type":"Person","@id":"https:\/\/www.geoparcoalpicarniche.org\/de\/#\/schema\/person\/792aecb9ddcd31b0cc00dad212b54d63","name":"Daniela De Prato","image":{"@type":"ImageObject","inLanguage":"de-DE","@id":"https:\/\/secure.gravatar.com\/avatar\/520e88177f085d0a607e4819e57b260a0541e8dc2c786fd187de50158ed6ccf5?s=96&d=mm&r=g","url":"https:\/\/secure.gravatar.com\/avatar\/520e88177f085d0a607e4819e57b260a0541e8dc2c786fd187de50158ed6ccf5?s=96&d=mm&r=g","contentUrl":"https:\/\/secure.gravatar.com\/avatar\/520e88177f085d0a607e4819e57b260a0541e8dc2c786fd187de50158ed6ccf5?s=96&d=mm&r=g","caption":"Daniela De Prato"}}]}},"_links":{"self":[{"href":"https:\/\/www.geoparcoalpicarniche.org\/de\/wp-json\/wp\/v2\/posts\/12874","targetHints":{"allow":["GET"]}}],"collection":[{"href":"https:\/\/www.geoparcoalpicarniche.org\/de\/wp-json\/wp\/v2\/posts"}],"about":[{"href":"https:\/\/www.geoparcoalpicarniche.org\/de\/wp-json\/wp\/v2\/types\/post"}],"author":[{"embeddable":true,"href":"https:\/\/www.geoparcoalpicarniche.org\/de\/wp-json\/wp\/v2\/users\/3"}],"replies":[{"embeddable":true,"href":"https:\/\/www.geoparcoalpicarniche.org\/de\/wp-json\/wp\/v2\/comments?post=12874"}],"version-history":[{"count":1,"href":"https:\/\/www.geoparcoalpicarniche.org\/de\/wp-json\/wp\/v2\/posts\/12874\/revisions"}],"predecessor-version":[{"id":12875,"href":"https:\/\/www.geoparcoalpicarniche.org\/de\/wp-json\/wp\/v2\/posts\/12874\/revisions\/12875"}],"wp:featuredmedia":[{"embeddable":true,"href":"https:\/\/www.geoparcoalpicarniche.org\/de\/wp-json\/wp\/v2\/media\/12871"}],"wp:attachment":[{"href":"https:\/\/www.geoparcoalpicarniche.org\/de\/wp-json\/wp\/v2\/media?parent=12874"}],"wp:term":[{"taxonomy":"category","embeddable":true,"href":"https:\/\/www.geoparcoalpicarniche.org\/de\/wp-json\/wp\/v2\/categories?post=12874"},{"taxonomy":"post_tag","embeddable":true,"href":"https:\/\/www.geoparcoalpicarniche.org\/de\/wp-json\/wp\/v2\/tags?post=12874"}],"curies":[{"name":"wp","href":"https:\/\/api.w.org\/{rel}","templated":true}]}}