{"id":11614,"date":"2020-09-16T11:52:24","date_gmt":"2020-09-16T09:52:24","guid":{"rendered":"https:\/\/www.geoparcoalpicarniche.org\/?p=11614"},"modified":"2020-09-16T11:52:24","modified_gmt":"2020-09-16T09:52:24","slug":"vortrag-die-saurier-des-gitschtals-17-september-2020-weissbriach","status":"publish","type":"post","link":"https:\/\/www.geoparcoalpicarniche.org\/de\/2020\/09\/16\/vortrag-die-saurier-des-gitschtals-17-september-2020-weissbriach\/","title":{"rendered":"Vortrag: Die Saurier des Gitschtals, 17. September 2020, Wei\u00dfbriach"},"content":{"rendered":"<div class=\"csc-textpic-text\">\n<p class=\"bodytext\">Bis vor wenigen Jahren waren Meeressaurier in \u00d6sterreich eine absolute Seltenheit. Karl Wei\u00df hat das ge\u00e4ndert, denn er suchte mit einem Kollegen ab 2014 im Gitschtal nach diesen Meeresreptilien und machte Funde von sensationeller Qualit\u00e4t.<\/p>\n<p class=\"bodytext\">&nbsp;&nbsp;<\/p>\n<p class=\"bodytext\"><u>Vortragender<\/u>: Karl Wei\u00df, Hobbygeologe<\/p>\n<p class=\"bodytext\"><u>Wann<\/u>?: Donnerstag, 17. September 2020, 19:00 Uhr<\/p>\n<p class=\"bodytext\"><u>Wo<\/u>?: Gemeindeamt&nbsp;Wei\u00dfbriach, Kultursaal<\/p>\n<p class=\"bodytext\"><b>COVID19-Info: Das Tragen eines Mund-Nasenschutzes ist \u00fcberall au\u00dfer am Sitzplatz <\/b><b>Pflicht<\/b> <b>.<\/b><\/p>\n<p><a href=\"https:\/\/www.geoparcoalpicarniche.org\/wp-content\/uploads\/2020\/09\/Einladg_Vortrag_Ch-Weiss_FINAL_2020-09-17.pdf\">Einladg_Vortrag_Ch-Weiss_FINAL_2020-09-17<\/a><\/p>\n<\/div>\n","protected":false},"excerpt":{"rendered":"<p>Bis vor wenigen Jahren waren Meeressaurier in \u00d6sterreich eine absolute Seltenheit. Karl Wei\u00df hat das ge\u00e4ndert, denn er suchte mit einem Kollegen ab 2014 im Gitschtal nach diesen Meeresreptilien und machte Funde von sensationeller Qualit\u00e4t.<\/p>\n","protected":false},"author":3,"featured_media":11622,"comment_status":"closed","ping_status":"closed","sticky":false,"template":"","format":"standard","meta":{"_acf_changed":false,"inline_featured_image":false,"ngg_post_thumbnail":0,"footnotes":""},"categories":[20],"tags":[],"class_list":{"0":"post-11614","1":"post","2":"type-post","3":"status-publish","4":"format-standard","5":"has-post-thumbnail","7":"category-news","8":"clearfix","9":"article"},"acf":[],"yoast_head":"<!-- This site is optimized with the Yoast SEO plugin v27.5 - https:\/\/yoast.com\/product\/yoast-seo-wordpress\/ -->\n<title>Vortrag: Die Saurier des Gitschtals, 17. September 2020, Wei\u00dfbriach - Geoparco Alpi Carniche<\/title>\n<meta name=\"robots\" content=\"index, follow, max-snippet:-1, max-image-preview:large, max-video-preview:-1\" \/>\n<link rel=\"canonical\" href=\"https:\/\/www.geoparcoalpicarniche.org\/de\/2020\/09\/16\/vortrag-die-saurier-des-gitschtals-17-september-2020-weissbriach\/\" \/>\n<meta property=\"og:locale\" content=\"de_DE\" \/>\n<meta property=\"og:type\" content=\"article\" \/>\n<meta property=\"og:title\" content=\"Vortrag: Die Saurier des Gitschtals, 17. September 2020, Wei\u00dfbriach - Geoparco Alpi Carniche\" \/>\n<meta property=\"og:description\" content=\"Bis vor wenigen Jahren waren Meeressaurier in \u00d6sterreich eine absolute Seltenheit. Karl Wei\u00df hat das ge\u00e4ndert, denn er suchte mit einem Kollegen ab 2014 im Gitschtal nach diesen Meeresreptilien und machte Funde von sensationeller Qualit\u00e4t.\" \/>\n<meta property=\"og:url\" content=\"https:\/\/www.geoparcoalpicarniche.org\/de\/2020\/09\/16\/vortrag-die-saurier-des-gitschtals-17-september-2020-weissbriach\/\" \/>\n<meta property=\"og:site_name\" content=\"Geoparco Alpi Carniche\" \/>\n<meta property=\"article:published_time\" content=\"2020-09-16T09:52:24+00:00\" \/>\n<meta name=\"author\" content=\"Daniela De Prato\" \/>\n<meta name=\"twitter:card\" content=\"summary_large_image\" \/>\n<meta name=\"twitter:label1\" content=\"Verfasst von\" \/>\n\t<meta name=\"twitter:data1\" content=\"Daniela De Prato\" \/>\n<script type=\"application\/ld+json\" class=\"yoast-schema-graph\">{\"@context\":\"https:\\\/\\\/schema.org\",\"@graph\":[{\"@type\":\"Article\",\"@id\":\"https:\\\/\\\/www.geoparcoalpicarniche.org\\\/de\\\/2020\\\/09\\\/16\\\/vortrag-die-saurier-des-gitschtals-17-september-2020-weissbriach\\\/#article\",\"isPartOf\":{\"@id\":\"https:\\\/\\\/www.geoparcoalpicarniche.org\\\/de\\\/2020\\\/09\\\/16\\\/vortrag-die-saurier-des-gitschtals-17-september-2020-weissbriach\\\/\"},\"author\":{\"name\":\"Daniela De Prato\",\"@id\":\"https:\\\/\\\/www.geoparcoalpicarniche.org\\\/de\\\/#\\\/schema\\\/person\\\/792aecb9ddcd31b0cc00dad212b54d63\"},\"headline\":\"Vortrag: Die Saurier des Gitschtals, 17. September 2020, Wei\u00dfbriach\",\"datePublished\":\"2020-09-16T09:52:24+00:00\",\"mainEntityOfPage\":{\"@id\":\"https:\\\/\\\/www.geoparcoalpicarniche.org\\\/de\\\/2020\\\/09\\\/16\\\/vortrag-die-saurier-des-gitschtals-17-september-2020-weissbriach\\\/\"},\"wordCount\":79,\"image\":{\"@id\":\"https:\\\/\\\/www.geoparcoalpicarniche.org\\\/de\\\/2020\\\/09\\\/16\\\/vortrag-die-saurier-des-gitschtals-17-september-2020-weissbriach\\\/#primaryimage\"},\"thumbnailUrl\":\"https:\\\/\\\/www.geoparcoalpicarniche.org\\\/wp-content\\\/uploads\\\/2020\\\/09\\\/saurier.bmp\",\"articleSection\":[\"News\"],\"inLanguage\":\"de-DE\"},{\"@type\":\"WebPage\",\"@id\":\"https:\\\/\\\/www.geoparcoalpicarniche.org\\\/de\\\/2020\\\/09\\\/16\\\/vortrag-die-saurier-des-gitschtals-17-september-2020-weissbriach\\\/\",\"url\":\"https:\\\/\\\/www.geoparcoalpicarniche.org\\\/de\\\/2020\\\/09\\\/16\\\/vortrag-die-saurier-des-gitschtals-17-september-2020-weissbriach\\\/\",\"name\":\"Vortrag: Die Saurier des Gitschtals, 17. September 2020, Wei\u00dfbriach - Geoparco Alpi Carniche\",\"isPartOf\":{\"@id\":\"https:\\\/\\\/www.geoparcoalpicarniche.org\\\/de\\\/#website\"},\"primaryImageOfPage\":{\"@id\":\"https:\\\/\\\/www.geoparcoalpicarniche.org\\\/de\\\/2020\\\/09\\\/16\\\/vortrag-die-saurier-des-gitschtals-17-september-2020-weissbriach\\\/#primaryimage\"},\"image\":{\"@id\":\"https:\\\/\\\/www.geoparcoalpicarniche.org\\\/de\\\/2020\\\/09\\\/16\\\/vortrag-die-saurier-des-gitschtals-17-september-2020-weissbriach\\\/#primaryimage\"},\"thumbnailUrl\":\"https:\\\/\\\/www.geoparcoalpicarniche.org\\\/wp-content\\\/uploads\\\/2020\\\/09\\\/saurier.bmp\",\"datePublished\":\"2020-09-16T09:52:24+00:00\",\"author\":{\"@id\":\"https:\\\/\\\/www.geoparcoalpicarniche.org\\\/de\\\/#\\\/schema\\\/person\\\/792aecb9ddcd31b0cc00dad212b54d63\"},\"breadcrumb\":{\"@id\":\"https:\\\/\\\/www.geoparcoalpicarniche.org\\\/de\\\/2020\\\/09\\\/16\\\/vortrag-die-saurier-des-gitschtals-17-september-2020-weissbriach\\\/#breadcrumb\"},\"inLanguage\":\"de-DE\",\"potentialAction\":[{\"@type\":\"ReadAction\",\"target\":[\"https:\\\/\\\/www.geoparcoalpicarniche.org\\\/de\\\/2020\\\/09\\\/16\\\/vortrag-die-saurier-des-gitschtals-17-september-2020-weissbriach\\\/\"]}]},{\"@type\":\"ImageObject\",\"inLanguage\":\"de-DE\",\"@id\":\"https:\\\/\\\/www.geoparcoalpicarniche.org\\\/de\\\/2020\\\/09\\\/16\\\/vortrag-die-saurier-des-gitschtals-17-september-2020-weissbriach\\\/#primaryimage\",\"url\":\"https:\\\/\\\/www.geoparcoalpicarniche.org\\\/wp-content\\\/uploads\\\/2020\\\/09\\\/saurier.bmp\",\"contentUrl\":\"https:\\\/\\\/www.geoparcoalpicarniche.org\\\/wp-content\\\/uploads\\\/2020\\\/09\\\/saurier.bmp\",\"width\":1274,\"height\":525},{\"@type\":\"BreadcrumbList\",\"@id\":\"https:\\\/\\\/www.geoparcoalpicarniche.org\\\/de\\\/2020\\\/09\\\/16\\\/vortrag-die-saurier-des-gitschtals-17-september-2020-weissbriach\\\/#breadcrumb\",\"itemListElement\":[{\"@type\":\"ListItem\",\"position\":1,\"name\":\"Home\",\"item\":\"https:\\\/\\\/www.geoparcoalpicarniche.org\\\/de\\\/\"},{\"@type\":\"ListItem\",\"position\":2,\"name\":\"Vortrag: Die Saurier des Gitschtals, 17. September 2020, Wei\u00dfbriach\"}]},{\"@type\":\"WebSite\",\"@id\":\"https:\\\/\\\/www.geoparcoalpicarniche.org\\\/de\\\/#website\",\"url\":\"https:\\\/\\\/www.geoparcoalpicarniche.org\\\/de\\\/\",\"name\":\"Geoparco Alpi Carniche\",\"description\":\"Custode del patrimonio geologico transfrontaliero\",\"potentialAction\":[{\"@type\":\"SearchAction\",\"target\":{\"@type\":\"EntryPoint\",\"urlTemplate\":\"https:\\\/\\\/www.geoparcoalpicarniche.org\\\/de\\\/?s={search_term_string}\"},\"query-input\":{\"@type\":\"PropertyValueSpecification\",\"valueRequired\":true,\"valueName\":\"search_term_string\"}}],\"inLanguage\":\"de-DE\"},{\"@type\":\"Person\",\"@id\":\"https:\\\/\\\/www.geoparcoalpicarniche.org\\\/de\\\/#\\\/schema\\\/person\\\/792aecb9ddcd31b0cc00dad212b54d63\",\"name\":\"Daniela De Prato\",\"image\":{\"@type\":\"ImageObject\",\"inLanguage\":\"de-DE\",\"@id\":\"https:\\\/\\\/secure.gravatar.com\\\/avatar\\\/520e88177f085d0a607e4819e57b260a0541e8dc2c786fd187de50158ed6ccf5?s=96&d=mm&r=g\",\"url\":\"https:\\\/\\\/secure.gravatar.com\\\/avatar\\\/520e88177f085d0a607e4819e57b260a0541e8dc2c786fd187de50158ed6ccf5?s=96&d=mm&r=g\",\"contentUrl\":\"https:\\\/\\\/secure.gravatar.com\\\/avatar\\\/520e88177f085d0a607e4819e57b260a0541e8dc2c786fd187de50158ed6ccf5?s=96&d=mm&r=g\",\"caption\":\"Daniela De Prato\"}}]}<\/script>\n<!-- \/ Yoast SEO plugin. -->","yoast_head_json":{"title":"Vortrag: Die Saurier des Gitschtals, 17. September 2020, Wei\u00dfbriach - Geoparco Alpi Carniche","robots":{"index":"index","follow":"follow","max-snippet":"max-snippet:-1","max-image-preview":"max-image-preview:large","max-video-preview":"max-video-preview:-1"},"canonical":"https:\/\/www.geoparcoalpicarniche.org\/de\/2020\/09\/16\/vortrag-die-saurier-des-gitschtals-17-september-2020-weissbriach\/","og_locale":"de_DE","og_type":"article","og_title":"Vortrag: Die Saurier des Gitschtals, 17. September 2020, Wei\u00dfbriach - Geoparco Alpi Carniche","og_description":"Bis vor wenigen Jahren waren Meeressaurier in \u00d6sterreich eine absolute Seltenheit. Karl Wei\u00df hat das ge\u00e4ndert, denn er suchte mit einem Kollegen ab 2014 im Gitschtal nach diesen Meeresreptilien und machte Funde von sensationeller Qualit\u00e4t.","og_url":"https:\/\/www.geoparcoalpicarniche.org\/de\/2020\/09\/16\/vortrag-die-saurier-des-gitschtals-17-september-2020-weissbriach\/","og_site_name":"Geoparco Alpi Carniche","article_published_time":"2020-09-16T09:52:24+00:00","author":"Daniela De Prato","twitter_card":"summary_large_image","twitter_misc":{"Verfasst von":"Daniela De Prato"},"schema":{"@context":"https:\/\/schema.org","@graph":[{"@type":"Article","@id":"https:\/\/www.geoparcoalpicarniche.org\/de\/2020\/09\/16\/vortrag-die-saurier-des-gitschtals-17-september-2020-weissbriach\/#article","isPartOf":{"@id":"https:\/\/www.geoparcoalpicarniche.org\/de\/2020\/09\/16\/vortrag-die-saurier-des-gitschtals-17-september-2020-weissbriach\/"},"author":{"name":"Daniela De Prato","@id":"https:\/\/www.geoparcoalpicarniche.org\/de\/#\/schema\/person\/792aecb9ddcd31b0cc00dad212b54d63"},"headline":"Vortrag: Die Saurier des Gitschtals, 17. September 2020, Wei\u00dfbriach","datePublished":"2020-09-16T09:52:24+00:00","mainEntityOfPage":{"@id":"https:\/\/www.geoparcoalpicarniche.org\/de\/2020\/09\/16\/vortrag-die-saurier-des-gitschtals-17-september-2020-weissbriach\/"},"wordCount":79,"image":{"@id":"https:\/\/www.geoparcoalpicarniche.org\/de\/2020\/09\/16\/vortrag-die-saurier-des-gitschtals-17-september-2020-weissbriach\/#primaryimage"},"thumbnailUrl":"https:\/\/www.geoparcoalpicarniche.org\/wp-content\/uploads\/2020\/09\/saurier.bmp","articleSection":["News"],"inLanguage":"de-DE"},{"@type":"WebPage","@id":"https:\/\/www.geoparcoalpicarniche.org\/de\/2020\/09\/16\/vortrag-die-saurier-des-gitschtals-17-september-2020-weissbriach\/","url":"https:\/\/www.geoparcoalpicarniche.org\/de\/2020\/09\/16\/vortrag-die-saurier-des-gitschtals-17-september-2020-weissbriach\/","name":"Vortrag: Die Saurier des Gitschtals, 17. September 2020, Wei\u00dfbriach - Geoparco Alpi Carniche","isPartOf":{"@id":"https:\/\/www.geoparcoalpicarniche.org\/de\/#website"},"primaryImageOfPage":{"@id":"https:\/\/www.geoparcoalpicarniche.org\/de\/2020\/09\/16\/vortrag-die-saurier-des-gitschtals-17-september-2020-weissbriach\/#primaryimage"},"image":{"@id":"https:\/\/www.geoparcoalpicarniche.org\/de\/2020\/09\/16\/vortrag-die-saurier-des-gitschtals-17-september-2020-weissbriach\/#primaryimage"},"thumbnailUrl":"https:\/\/www.geoparcoalpicarniche.org\/wp-content\/uploads\/2020\/09\/saurier.bmp","datePublished":"2020-09-16T09:52:24+00:00","author":{"@id":"https:\/\/www.geoparcoalpicarniche.org\/de\/#\/schema\/person\/792aecb9ddcd31b0cc00dad212b54d63"},"breadcrumb":{"@id":"https:\/\/www.geoparcoalpicarniche.org\/de\/2020\/09\/16\/vortrag-die-saurier-des-gitschtals-17-september-2020-weissbriach\/#breadcrumb"},"inLanguage":"de-DE","potentialAction":[{"@type":"ReadAction","target":["https:\/\/www.geoparcoalpicarniche.org\/de\/2020\/09\/16\/vortrag-die-saurier-des-gitschtals-17-september-2020-weissbriach\/"]}]},{"@type":"ImageObject","inLanguage":"de-DE","@id":"https:\/\/www.geoparcoalpicarniche.org\/de\/2020\/09\/16\/vortrag-die-saurier-des-gitschtals-17-september-2020-weissbriach\/#primaryimage","url":"https:\/\/www.geoparcoalpicarniche.org\/wp-content\/uploads\/2020\/09\/saurier.bmp","contentUrl":"https:\/\/www.geoparcoalpicarniche.org\/wp-content\/uploads\/2020\/09\/saurier.bmp","width":1274,"height":525},{"@type":"BreadcrumbList","@id":"https:\/\/www.geoparcoalpicarniche.org\/de\/2020\/09\/16\/vortrag-die-saurier-des-gitschtals-17-september-2020-weissbriach\/#breadcrumb","itemListElement":[{"@type":"ListItem","position":1,"name":"Home","item":"https:\/\/www.geoparcoalpicarniche.org\/de\/"},{"@type":"ListItem","position":2,"name":"Vortrag: Die Saurier des Gitschtals, 17. September 2020, Wei\u00dfbriach"}]},{"@type":"WebSite","@id":"https:\/\/www.geoparcoalpicarniche.org\/de\/#website","url":"https:\/\/www.geoparcoalpicarniche.org\/de\/","name":"Geoparco Alpi Carniche","description":"Custode del patrimonio geologico transfrontaliero","potentialAction":[{"@type":"SearchAction","target":{"@type":"EntryPoint","urlTemplate":"https:\/\/www.geoparcoalpicarniche.org\/de\/?s={search_term_string}"},"query-input":{"@type":"PropertyValueSpecification","valueRequired":true,"valueName":"search_term_string"}}],"inLanguage":"de-DE"},{"@type":"Person","@id":"https:\/\/www.geoparcoalpicarniche.org\/de\/#\/schema\/person\/792aecb9ddcd31b0cc00dad212b54d63","name":"Daniela De Prato","image":{"@type":"ImageObject","inLanguage":"de-DE","@id":"https:\/\/secure.gravatar.com\/avatar\/520e88177f085d0a607e4819e57b260a0541e8dc2c786fd187de50158ed6ccf5?s=96&d=mm&r=g","url":"https:\/\/secure.gravatar.com\/avatar\/520e88177f085d0a607e4819e57b260a0541e8dc2c786fd187de50158ed6ccf5?s=96&d=mm&r=g","contentUrl":"https:\/\/secure.gravatar.com\/avatar\/520e88177f085d0a607e4819e57b260a0541e8dc2c786fd187de50158ed6ccf5?s=96&d=mm&r=g","caption":"Daniela De Prato"}}]}},"_links":{"self":[{"href":"https:\/\/www.geoparcoalpicarniche.org\/de\/wp-json\/wp\/v2\/posts\/11614","targetHints":{"allow":["GET"]}}],"collection":[{"href":"https:\/\/www.geoparcoalpicarniche.org\/de\/wp-json\/wp\/v2\/posts"}],"about":[{"href":"https:\/\/www.geoparcoalpicarniche.org\/de\/wp-json\/wp\/v2\/types\/post"}],"author":[{"embeddable":true,"href":"https:\/\/www.geoparcoalpicarniche.org\/de\/wp-json\/wp\/v2\/users\/3"}],"replies":[{"embeddable":true,"href":"https:\/\/www.geoparcoalpicarniche.org\/de\/wp-json\/wp\/v2\/comments?post=11614"}],"version-history":[{"count":1,"href":"https:\/\/www.geoparcoalpicarniche.org\/de\/wp-json\/wp\/v2\/posts\/11614\/revisions"}],"predecessor-version":[{"id":11618,"href":"https:\/\/www.geoparcoalpicarniche.org\/de\/wp-json\/wp\/v2\/posts\/11614\/revisions\/11618"}],"wp:featuredmedia":[{"embeddable":true,"href":"https:\/\/www.geoparcoalpicarniche.org\/de\/wp-json\/wp\/v2\/media\/11622"}],"wp:attachment":[{"href":"https:\/\/www.geoparcoalpicarniche.org\/de\/wp-json\/wp\/v2\/media?parent=11614"}],"wp:term":[{"taxonomy":"category","embeddable":true,"href":"https:\/\/www.geoparcoalpicarniche.org\/de\/wp-json\/wp\/v2\/categories?post=11614"},{"taxonomy":"post_tag","embeddable":true,"href":"https:\/\/www.geoparcoalpicarniche.org\/de\/wp-json\/wp\/v2\/tags?post=11614"}],"curies":[{"name":"wp","href":"https:\/\/api.w.org\/{rel}","templated":true}]}}